{"id":1037,"date":"2024-08-03T16:37:28","date_gmt":"2024-08-03T16:37:28","guid":{"rendered":"https:\/\/aylu.es\/?p=1037"},"modified":"2024-08-03T16:37:33","modified_gmt":"2024-08-03T16:37:33","slug":"noelia-lupan-y-alvaro-segovia-no-paran-en-verano-y-entrenaran-en-el-car-de-murcia","status":"publish","type":"post","link":"https:\/\/aylu.es\/?p=1037","title":{"rendered":"Noelia Lupan y Alvaro Segovia no paran en verano y entrenar\u00e1n en el CAR de Murcia."},"content":{"rendered":"\n<p>Por medio de un convenio con la Federaci\u00f3n Murciana de Judo, los judokas de CLM de la categor\u00eda Infantil entrenar\u00e1n durante una semana en el mes de agosto con los mejores judokas nacionales en el CAR de Murcia.<\/p>\n\n\n\n<p>Por parte de nuestra Escuela, tanto Noelia como Alvaro, participar\u00e1n en este interesante entrenamiento que les va a venir de perlas de cara a la puesta a punto a principio de temporada. Acudir\u00e1n con ellos dos, otros 6 componentes del equipo infantil de la Federaci\u00f3n de CLM de Judo.<\/p>\n\n\n\n<figure class=\"wp-block-image\"><img fetchpriority=\"high\" decoding=\"async\" width=\"960\" height=\"540\" src=\"https:\/\/aylu.es\/wp-content\/uploads\/2024\/03\/WhatsApp-Image-2024-03-16-at-11.02.03-960x540.jpeg\" alt=\"\" class=\"wp-image-929\" srcset=\"https:\/\/aylu.es\/wp-content\/uploads\/2024\/03\/WhatsApp-Image-2024-03-16-at-11.02.03-960x540.jpeg 960w, https:\/\/aylu.es\/wp-content\/uploads\/2024\/03\/WhatsApp-Image-2024-03-16-at-11.02.03-300x169.jpeg 300w, https:\/\/aylu.es\/wp-content\/uploads\/2024\/03\/WhatsApp-Image-2024-03-16-at-11.02.03-768x432.jpeg 768w, https:\/\/aylu.es\/wp-content\/uploads\/2024\/03\/WhatsApp-Image-2024-03-16-at-11.02.03-1536x864.jpeg 1536w, https:\/\/aylu.es\/wp-content\/uploads\/2024\/03\/WhatsApp-Image-2024-03-16-at-11.02.03-816x459.jpeg 816w, https:\/\/aylu.es\/wp-content\/uploads\/2024\/03\/WhatsApp-Image-2024-03-16-at-11.02.03-1320x743.jpeg 1320w, https:\/\/aylu.es\/wp-content\/uploads\/2024\/03\/WhatsApp-Image-2024-03-16-at-11.02.03.jpeg 1600w\" sizes=\"(max-width: 960px) 100vw, 960px\" \/><figcaption class=\"wp-element-caption\">Noelia, primera por la derecha Y Alvaro, segundo por la izquierda.<\/figcaption><\/figure>\n\n\n\n<p><\/p>\n","protected":false},"excerpt":{"rendered":"<p>Por medio de un convenio con la Federaci\u00f3n Murciana de Judo, los judokas de CLM de la categor\u00eda Infantil entrenar\u00e1n durante una semana en el mes de agosto con los mejores judokas nacionales en el CAR de Murcia. Por parte de nuestra Escuela, tanto Noelia como Alvaro, participar\u00e1n en este interesante entrenamiento que les va [&hellip;]<\/p>\n","protected":false},"author":1,"featured_media":929,"comment_status":"open","ping_status":"open","sticky":false,"template":"","format":"standard","meta":{"footnotes":""},"categories":[22,2],"tags":[32,58,34,13,53,33],"class_list":["post-1037","post","type-post","status-publish","format-standard","has-post-thumbnail","hentry","category-competiciones","category-noticias","tag-aylu","tag-aylu-guadalajara","tag-gimnasio-aylu","tag-judo","tag-judo-aylu","tag-judo-guadalajara"],"_links":{"self":[{"href":"https:\/\/aylu.es\/index.php?rest_route=\/wp\/v2\/posts\/1037","targetHints":{"allow":["GET"]}}],"collection":[{"href":"https:\/\/aylu.es\/index.php?rest_route=\/wp\/v2\/posts"}],"about":[{"href":"https:\/\/aylu.es\/index.php?rest_route=\/wp\/v2\/types\/post"}],"author":[{"embeddable":true,"href":"https:\/\/aylu.es\/index.php?rest_route=\/wp\/v2\/users\/1"}],"replies":[{"embeddable":true,"href":"https:\/\/aylu.es\/index.php?rest_route=%2Fwp%2Fv2%2Fcomments&post=1037"}],"version-history":[{"count":1,"href":"https:\/\/aylu.es\/index.php?rest_route=\/wp\/v2\/posts\/1037\/revisions"}],"predecessor-version":[{"id":1038,"href":"https:\/\/aylu.es\/index.php?rest_route=\/wp\/v2\/posts\/1037\/revisions\/1038"}],"wp:featuredmedia":[{"embeddable":true,"href":"https:\/\/aylu.es\/index.php?rest_route=\/wp\/v2\/media\/929"}],"wp:attachment":[{"href":"https:\/\/aylu.es\/index.php?rest_route=%2Fwp%2Fv2%2Fmedia&parent=1037"}],"wp:term":[{"taxonomy":"category","embeddable":true,"href":"https:\/\/aylu.es\/index.php?rest_route=%2Fwp%2Fv2%2Fcategories&post=1037"},{"taxonomy":"post_tag","embeddable":true,"href":"https:\/\/aylu.es\/index.php?rest_route=%2Fwp%2Fv2%2Ftags&post=1037"}],"curies":[{"name":"wp","href":"https:\/\/api.w.org\/{rel}","templated":true}]}}