{"id":1040,"date":"2024-08-21T16:35:33","date_gmt":"2024-08-21T16:35:33","guid":{"rendered":"https:\/\/aylu.es\/?p=1040"},"modified":"2024-08-21T16:35:42","modified_gmt":"2024-08-21T16:35:42","slug":"noelia-lupan-y-alvaro-segovia-comienzan-la-temporada-en-el-car-de-murcia","status":"publish","type":"post","link":"https:\/\/aylu.es\/?p=1040","title":{"rendered":"Noelia Lupan y Alvaro Segovia comienzan la temporada en el CAR de Murcia"},"content":{"rendered":"\n<p>Nuestros infantiles empiezan fuertes la temporada y nada mejor que hacerlo en el CAR de Murcia con algunos de los mejores judokas de la categor\u00eda. <\/p>\n\n\n\n<p>Han sido cuatro d\u00edas de intensos entrenamientos compartiendo tatamis con equipos de varios puntos de la geograf\u00eda espa\u00f1ola con un total de algo m\u00e1s de 200 participantes.<\/p>\n\n\n\n<p>En la tarde del martes, el entrenamiento cont\u00f3 la presencia de Sara Alvarez,  responsable Deportivo de la Federaci\u00f3n Espa\u00f1ola de judo.<\/p>\n\n\n\n<p>Una bonita experiencia para los dos, en la que se ha unido la carga f\u00edsica y t\u00e9cnica de judo para iniciar la temporada y una fuerte convivencia con sus compa\u00f1eros de concentraci\u00f3n.<\/p>\n\n\n\n<figure class=\"wp-block-gallery has-nested-images columns-default is-cropped wp-block-gallery-1 is-layout-flex wp-block-gallery-is-layout-flex\">\n<figure class=\"wp-block-image size-large\"><img fetchpriority=\"high\" decoding=\"async\" width=\"720\" height=\"960\" data-id=\"1041\" src=\"https:\/\/aylu.es\/wp-content\/uploads\/2024\/08\/WhatsApp-Image-2024-08-21-at-13.43.29-1-720x960.jpeg\" alt=\"\" class=\"wp-image-1041\" srcset=\"https:\/\/aylu.es\/wp-content\/uploads\/2024\/08\/WhatsApp-Image-2024-08-21-at-13.43.29-1-720x960.jpeg 720w, https:\/\/aylu.es\/wp-content\/uploads\/2024\/08\/WhatsApp-Image-2024-08-21-at-13.43.29-1-225x300.jpeg 225w, https:\/\/aylu.es\/wp-content\/uploads\/2024\/08\/WhatsApp-Image-2024-08-21-at-13.43.29-1-768x1024.jpeg 768w, https:\/\/aylu.es\/wp-content\/uploads\/2024\/08\/WhatsApp-Image-2024-08-21-at-13.43.29-1-1152x1536.jpeg 1152w, https:\/\/aylu.es\/wp-content\/uploads\/2024\/08\/WhatsApp-Image-2024-08-21-at-13.43.29-1-816x1088.jpeg 816w, https:\/\/aylu.es\/wp-content\/uploads\/2024\/08\/WhatsApp-Image-2024-08-21-at-13.43.29-1.jpeg 1200w\" sizes=\"(max-width: 720px) 100vw, 720px\" \/><\/figure>\n\n\n\n<figure class=\"wp-block-image size-large\"><img decoding=\"async\" width=\"720\" height=\"960\" data-id=\"1042\" src=\"https:\/\/aylu.es\/wp-content\/uploads\/2024\/08\/WhatsApp-Image-2024-08-21-at-13.43.29-720x960.jpeg\" alt=\"\" class=\"wp-image-1042\" srcset=\"https:\/\/aylu.es\/wp-content\/uploads\/2024\/08\/WhatsApp-Image-2024-08-21-at-13.43.29-720x960.jpeg 720w, https:\/\/aylu.es\/wp-content\/uploads\/2024\/08\/WhatsApp-Image-2024-08-21-at-13.43.29-225x300.jpeg 225w, https:\/\/aylu.es\/wp-content\/uploads\/2024\/08\/WhatsApp-Image-2024-08-21-at-13.43.29-768x1024.jpeg 768w, https:\/\/aylu.es\/wp-content\/uploads\/2024\/08\/WhatsApp-Image-2024-08-21-at-13.43.29-1152x1536.jpeg 1152w, https:\/\/aylu.es\/wp-content\/uploads\/2024\/08\/WhatsApp-Image-2024-08-21-at-13.43.29-816x1088.jpeg 816w, https:\/\/aylu.es\/wp-content\/uploads\/2024\/08\/WhatsApp-Image-2024-08-21-at-13.43.29.jpeg 1200w\" sizes=\"(max-width: 720px) 100vw, 720px\" \/><\/figure>\n<\/figure>\n","protected":false},"excerpt":{"rendered":"<p>Nuestros infantiles empiezan fuertes la temporada y nada mejor que hacerlo en el CAR de Murcia con algunos de los mejores judokas de la categor\u00eda. Han sido cuatro d\u00edas de intensos entrenamientos compartiendo tatamis con equipos de varios puntos de la geograf\u00eda espa\u00f1ola con un total de algo m\u00e1s de 200 participantes. En la tarde [&hellip;]<\/p>\n","protected":false},"author":1,"featured_media":1042,"comment_status":"open","ping_status":"open","sticky":false,"template":"","format":"standard","meta":{"footnotes":""},"categories":[2,20],"tags":[32,58,13,33],"class_list":["post-1040","post","type-post","status-publish","format-standard","has-post-thumbnail","hentry","category-noticias","category-varios-y-curiosidades","tag-aylu","tag-aylu-guadalajara","tag-judo","tag-judo-guadalajara"],"_links":{"self":[{"href":"https:\/\/aylu.es\/index.php?rest_route=\/wp\/v2\/posts\/1040","targetHints":{"allow":["GET"]}}],"collection":[{"href":"https:\/\/aylu.es\/index.php?rest_route=\/wp\/v2\/posts"}],"about":[{"href":"https:\/\/aylu.es\/index.php?rest_route=\/wp\/v2\/types\/post"}],"author":[{"embeddable":true,"href":"https:\/\/aylu.es\/index.php?rest_route=\/wp\/v2\/users\/1"}],"replies":[{"embeddable":true,"href":"https:\/\/aylu.es\/index.php?rest_route=%2Fwp%2Fv2%2Fcomments&post=1040"}],"version-history":[{"count":1,"href":"https:\/\/aylu.es\/index.php?rest_route=\/wp\/v2\/posts\/1040\/revisions"}],"predecessor-version":[{"id":1043,"href":"https:\/\/aylu.es\/index.php?rest_route=\/wp\/v2\/posts\/1040\/revisions\/1043"}],"wp:featuredmedia":[{"embeddable":true,"href":"https:\/\/aylu.es\/index.php?rest_route=\/wp\/v2\/media\/1042"}],"wp:attachment":[{"href":"https:\/\/aylu.es\/index.php?rest_route=%2Fwp%2Fv2%2Fmedia&parent=1040"}],"wp:term":[{"taxonomy":"category","embeddable":true,"href":"https:\/\/aylu.es\/index.php?rest_route=%2Fwp%2Fv2%2Fcategories&post=1040"},{"taxonomy":"post_tag","embeddable":true,"href":"https:\/\/aylu.es\/index.php?rest_route=%2Fwp%2Fv2%2Ftags&post=1040"}],"curies":[{"name":"wp","href":"https:\/\/api.w.org\/{rel}","templated":true}]}}