{"id":1047,"date":"2024-09-10T15:48:20","date_gmt":"2024-09-10T15:48:20","guid":{"rendered":"https:\/\/aylu.es\/?p=1047"},"modified":"2024-09-10T15:48:26","modified_gmt":"2024-09-10T15:48:26","slug":"clases-de-judo-en-septiembre-2024","status":"publish","type":"post","link":"https:\/\/aylu.es\/?p=1047","title":{"rendered":"Clases de judo en Septiembre 2024"},"content":{"rendered":"\n<p>Una vez pasadas las Ferias y Fiestas de Guadalajara y que los m\u00e1s peque\u00f1os est\u00e1n empezando con sus rutinas invernales, cuanto antes empiecen con el judo mucho mejor.<\/p>\n\n\n\n<p>Estos quince d\u00edas de septiembre son totalmente gratis y los utilizamos todos los a\u00f1os como per\u00edodo de adaptaci\u00f3n para los m\u00e1s peque\u00f1os y principiantes y como recordatorio para los m\u00e1s veteranos.&nbsp;<\/p>\n\n\n\n<p>Despu\u00e9s de estar tres meses sin ponerse el judogi a todos nos cuesta y a los chiquitines del Club m\u00e1s todav\u00eda. Ser\u00e1n unas clases muy relajadas para ir empezando poco a poco y, como hemos dicho, una vuelta progresiva a las rutinas a las que estaban acostumbrados.<\/p>\n\n\n\n<p>HORARIO JULIAN BESTEIRO DEL 17 AL 26 DE SEPTIEMBRE HASTA 10 A\u00d1OS, MARTES Y JUEVES DE 18:30 A 19:30<\/p>\n\n\n\n<p>HORARIO JULIAN BESTEIRO DEL 17 AL 26 DE SEPTIEMBRE A PARTIR DE 10 A\u00d1OS, MARTES Y JUEVES DE 19:30 A 20:30<\/p>\n\n\n\n<p>HORARIO EN PALACIO MULTIUSOS LOS DIAS 23, 25 Y 30 DE SEPTIEMBRE A LAS 17:30 HORAS<\/p>\n\n\n\n<p>Ya sabeis que pod\u00e9is combinar como mejor os pille los horarios de cualquiera de las dos instalaciones.&nbsp;<\/p>\n\n\n\n<p>Esperamos veros a todos en unos d\u00edas y que comencemos con buen pie un a\u00f1o que se presenta muy cargado de actividades para todos.<\/p>\n","protected":false},"excerpt":{"rendered":"<p>Una vez pasadas las Ferias y Fiestas de Guadalajara y que los m\u00e1s peque\u00f1os est\u00e1n empezando con sus rutinas invernales, cuanto antes empiecen con el judo mucho mejor. Estos quince d\u00edas de septiembre son totalmente gratis y los utilizamos todos los a\u00f1os como per\u00edodo de adaptaci\u00f3n para los m\u00e1s peque\u00f1os y principiantes y como recordatorio [&hellip;]<\/p>\n","protected":false},"author":1,"featured_media":1017,"comment_status":"open","ping_status":"open","sticky":false,"template":"","format":"standard","meta":{"footnotes":""},"categories":[7,2],"tags":[32,58,13,33],"class_list":["post-1047","post","type-post","status-publish","format-standard","has-post-thumbnail","hentry","category-cuotas-horarios-y-actvidades","category-noticias","tag-aylu","tag-aylu-guadalajara","tag-judo","tag-judo-guadalajara"],"_links":{"self":[{"href":"https:\/\/aylu.es\/index.php?rest_route=\/wp\/v2\/posts\/1047","targetHints":{"allow":["GET"]}}],"collection":[{"href":"https:\/\/aylu.es\/index.php?rest_route=\/wp\/v2\/posts"}],"about":[{"href":"https:\/\/aylu.es\/index.php?rest_route=\/wp\/v2\/types\/post"}],"author":[{"embeddable":true,"href":"https:\/\/aylu.es\/index.php?rest_route=\/wp\/v2\/users\/1"}],"replies":[{"embeddable":true,"href":"https:\/\/aylu.es\/index.php?rest_route=%2Fwp%2Fv2%2Fcomments&post=1047"}],"version-history":[{"count":1,"href":"https:\/\/aylu.es\/index.php?rest_route=\/wp\/v2\/posts\/1047\/revisions"}],"predecessor-version":[{"id":1048,"href":"https:\/\/aylu.es\/index.php?rest_route=\/wp\/v2\/posts\/1047\/revisions\/1048"}],"wp:featuredmedia":[{"embeddable":true,"href":"https:\/\/aylu.es\/index.php?rest_route=\/wp\/v2\/media\/1017"}],"wp:attachment":[{"href":"https:\/\/aylu.es\/index.php?rest_route=%2Fwp%2Fv2%2Fmedia&parent=1047"}],"wp:term":[{"taxonomy":"category","embeddable":true,"href":"https:\/\/aylu.es\/index.php?rest_route=%2Fwp%2Fv2%2Fcategories&post=1047"},{"taxonomy":"post_tag","embeddable":true,"href":"https:\/\/aylu.es\/index.php?rest_route=%2Fwp%2Fv2%2Ftags&post=1047"}],"curies":[{"name":"wp","href":"https:\/\/api.w.org\/{rel}","templated":true}]}}