{"id":1051,"date":"2024-10-08T15:06:45","date_gmt":"2024-10-08T15:06:45","guid":{"rendered":"https:\/\/aylu.es\/?p=1051"},"modified":"2024-10-09T06:30:21","modified_gmt":"2024-10-09T06:30:21","slug":"primer-entrenamiento-federativo-de-todas-la-categorias","status":"publish","type":"post","link":"https:\/\/aylu.es\/?p=1051","title":{"rendered":"Primer entrenamiento federativo de todas la categor\u00edas"},"content":{"rendered":"\n<p>El pasado s\u00e1bado d\u00eda 5 de octubre se celebr\u00f3 en las instalaciones de la Ciudad Deportiva de Tomelloso el primer entrenamiento federativo de todas las categor\u00edas de Castilla la Mancha.<\/p>\n\n\n\n<p>Los chicos del Aylu estuvieron presentes con la intenci\u00f3n de tener una primera toma de contacto con los que ser\u00e1n sus rivales durante toda la temporada y al mismo tiempo acumular los primeros puntos de cara al ranking para poder asistir a los distintos campeonatos.<\/p>\n\n\n\n<p>Estuvieron por parte del Aylu: Alvaro y Oscar Segovia, Noelia Lupan, Nia Kizanishbili, Alex y Lucas Pordomingo, Erick Yago, Elsa Gomez, Rodrigo V\u00e1zquez y Noe Valero.<\/p>\n\n\n\n<figure class=\"wp-block-image size-large\"><img fetchpriority=\"high\" decoding=\"async\" width=\"960\" height=\"432\" src=\"https:\/\/aylu.es\/wp-content\/uploads\/2024\/10\/WhatsApp-Image-2024-10-05-at-13.48.22-960x432.jpeg\" alt=\"\" class=\"wp-image-1052\" srcset=\"https:\/\/aylu.es\/wp-content\/uploads\/2024\/10\/WhatsApp-Image-2024-10-05-at-13.48.22-960x432.jpeg 960w, https:\/\/aylu.es\/wp-content\/uploads\/2024\/10\/WhatsApp-Image-2024-10-05-at-13.48.22-300x135.jpeg 300w, https:\/\/aylu.es\/wp-content\/uploads\/2024\/10\/WhatsApp-Image-2024-10-05-at-13.48.22-768x345.jpeg 768w, https:\/\/aylu.es\/wp-content\/uploads\/2024\/10\/WhatsApp-Image-2024-10-05-at-13.48.22-1536x691.jpeg 1536w, https:\/\/aylu.es\/wp-content\/uploads\/2024\/10\/WhatsApp-Image-2024-10-05-at-13.48.22-816x367.jpeg 816w, https:\/\/aylu.es\/wp-content\/uploads\/2024\/10\/WhatsApp-Image-2024-10-05-at-13.48.22-1320x594.jpeg 1320w, https:\/\/aylu.es\/wp-content\/uploads\/2024\/10\/WhatsApp-Image-2024-10-05-at-13.48.22.jpeg 2048w\" sizes=\"(max-width: 960px) 100vw, 960px\" \/><\/figure>\n\n\n\n<figure class=\"wp-block-image size-large\"><img decoding=\"async\" width=\"960\" height=\"479\" src=\"https:\/\/aylu.es\/wp-content\/uploads\/2024\/10\/WhatsApp-Image-2024-10-05-at-17.23.37-960x479.jpeg\" alt=\"\" class=\"wp-image-1053\" srcset=\"https:\/\/aylu.es\/wp-content\/uploads\/2024\/10\/WhatsApp-Image-2024-10-05-at-17.23.37-960x479.jpeg 960w, https:\/\/aylu.es\/wp-content\/uploads\/2024\/10\/WhatsApp-Image-2024-10-05-at-17.23.37-300x150.jpeg 300w, https:\/\/aylu.es\/wp-content\/uploads\/2024\/10\/WhatsApp-Image-2024-10-05-at-17.23.37-768x383.jpeg 768w, https:\/\/aylu.es\/wp-content\/uploads\/2024\/10\/WhatsApp-Image-2024-10-05-at-17.23.37-816x407.jpeg 816w, https:\/\/aylu.es\/wp-content\/uploads\/2024\/10\/WhatsApp-Image-2024-10-05-at-17.23.37-400x200.jpeg 400w, https:\/\/aylu.es\/wp-content\/uploads\/2024\/10\/WhatsApp-Image-2024-10-05-at-17.23.37-1320x659.jpeg 1320w, https:\/\/aylu.es\/wp-content\/uploads\/2024\/10\/WhatsApp-Image-2024-10-05-at-17.23.37.jpeg 1368w\" sizes=\"(max-width: 960px) 100vw, 960px\" \/><\/figure>\n","protected":false},"excerpt":{"rendered":"<p>El pasado s\u00e1bado d\u00eda 5 de octubre se celebr\u00f3 en las instalaciones de la Ciudad Deportiva de Tomelloso el primer entrenamiento federativo de todas las categor\u00edas de Castilla la Mancha. Los chicos del Aylu estuvieron presentes con la intenci\u00f3n de tener una primera toma de contacto con los que ser\u00e1n sus rivales durante toda la [&hellip;]<\/p>\n","protected":false},"author":1,"featured_media":1053,"comment_status":"open","ping_status":"open","sticky":false,"template":"","format":"standard","meta":{"footnotes":""},"categories":[22,2],"tags":[13],"class_list":["post-1051","post","type-post","status-publish","format-standard","has-post-thumbnail","hentry","category-competiciones","category-noticias","tag-judo"],"_links":{"self":[{"href":"https:\/\/aylu.es\/index.php?rest_route=\/wp\/v2\/posts\/1051","targetHints":{"allow":["GET"]}}],"collection":[{"href":"https:\/\/aylu.es\/index.php?rest_route=\/wp\/v2\/posts"}],"about":[{"href":"https:\/\/aylu.es\/index.php?rest_route=\/wp\/v2\/types\/post"}],"author":[{"embeddable":true,"href":"https:\/\/aylu.es\/index.php?rest_route=\/wp\/v2\/users\/1"}],"replies":[{"embeddable":true,"href":"https:\/\/aylu.es\/index.php?rest_route=%2Fwp%2Fv2%2Fcomments&post=1051"}],"version-history":[{"count":2,"href":"https:\/\/aylu.es\/index.php?rest_route=\/wp\/v2\/posts\/1051\/revisions"}],"predecessor-version":[{"id":1055,"href":"https:\/\/aylu.es\/index.php?rest_route=\/wp\/v2\/posts\/1051\/revisions\/1055"}],"wp:featuredmedia":[{"embeddable":true,"href":"https:\/\/aylu.es\/index.php?rest_route=\/wp\/v2\/media\/1053"}],"wp:attachment":[{"href":"https:\/\/aylu.es\/index.php?rest_route=%2Fwp%2Fv2%2Fmedia&parent=1051"}],"wp:term":[{"taxonomy":"category","embeddable":true,"href":"https:\/\/aylu.es\/index.php?rest_route=%2Fwp%2Fv2%2Fcategories&post=1051"},{"taxonomy":"post_tag","embeddable":true,"href":"https:\/\/aylu.es\/index.php?rest_route=%2Fwp%2Fv2%2Ftags&post=1051"}],"curies":[{"name":"wp","href":"https:\/\/api.w.org\/{rel}","templated":true}]}}