{"id":1070,"date":"2024-11-11T07:41:15","date_gmt":"2024-11-11T07:41:15","guid":{"rendered":"https:\/\/aylu.es\/?p=1070"},"modified":"2024-11-11T07:41:20","modified_gmt":"2024-11-11T07:41:20","slug":"todas-las-fotos-del-i-trofeo-pepe-merino-y-homenaje-al-judo-alcarreno","status":"publish","type":"post","link":"https:\/\/aylu.es\/?p=1070","title":{"rendered":"Todas las fotos del I Trofeo Pepe Merino y Homenaje al Judo Alcarre\u00f1o"},"content":{"rendered":"\n<p>El pasado 3 de noviembre, el Palacio Multiusos de Guadalajara se visti\u00f3 de gala para recibir a un total de 350 judokas que participaron en el I Trofeo Pepe Merino y el Homenaje al Judo Alcarre\u00f1o. Pepe Merino cumpli\u00f3 su 60 aniversario desde que empez\u00f3 a impartir sus clases en Guadalajara.<\/p>\n\n\n\n<p>Enlace de <a href=\"https:\/\/nuevaalcarria.com\/articulos\/emotivo-homenaje-a-pepe-merino-en-la-gran-fiesta-del-judo-de-guadalajara\">Nueva Alcarria<\/a><\/p>\n\n\n\n<p>Enlace de <a href=\"https:\/\/www.elheraldodelhenares.com\/guadalajara\/la-leyenda-del-judo-en-guadalajara-pepe-merino-galardonado-durante-la-celebracion-del-trofeo-que-lleva-su-nombre-por-llevar-60-anos-formando-judocas-en-la-ciudad\/\">El Heraldo del Henares<\/a><\/p>\n\n\n\n<p>Enlace de <a href=\"https:\/\/www.guadalajara.es\/es\/noticia\/sentido-homenaje-a-pepe-merino-como-historia-viva-del-judo-en-guadalajara.html?texto=&amp;fechaHasta=&amp;fechaDesde=&amp;idCategoria=10051\">Guadalajara.es<\/a><\/p>\n\n\n\n<figure class=\"wp-block-embed is-type-rich is-provider-flickr wp-block-embed-flickr\"><div class=\"wp-block-embed__wrapper\">\n<a data-flickr-embed='true' href='https:\/\/www.flickr.com\/photos\/motormerino\/albums\/72177720321783119' title='Galeria 3 Rafa Mart\u00edn Nueva Alcarria Trofeo Pepe Merino by motormerino, on Flickr'><img src='https:\/\/live.staticflickr.com\/65535\/54123157150_3f6304f9aa.jpg' width='800' height='600' alt='extra_re__rms2009'><\/a><script async src='https:\/\/embedr.flickr.com\/assets\/client-code.js' charset='utf-8'><\/script>\n<\/div><\/figure>\n\n\n\n<figure class=\"wp-block-embed is-type-rich is-provider-flickr wp-block-embed-flickr\"><div class=\"wp-block-embed__wrapper\">\n<a data-flickr-embed='true' href='https:\/\/www.flickr.com\/photos\/motormerino\/albums\/72177720321783084' title='Galer\u00eda 2  De Jes\u00fas Zarco Trofeo Pepe Merino  by motormerino, on Flickr'><img src='https:\/\/live.staticflickr.com\/65535\/54123031289_ed61f16273_c.jpg' width='800' height='600' alt='Homenaje al Judo Alarre\u00f1o 60 a\u00f1os de Historia Trofeo Pepe Merino 03112024 (120)'><\/a><script async src='https:\/\/embedr.flickr.com\/assets\/client-code.js' charset='utf-8'><\/script>\n<\/div><\/figure>\n\n\n\n<figure class=\"wp-block-embed is-type-rich is-provider-flickr wp-block-embed-flickr\"><div class=\"wp-block-embed__wrapper\">\n<a data-flickr-embed='true' href='https:\/\/www.flickr.com\/photos\/motormerino\/albums\/72177720321763496' title='Galeria Fotos 1 Trofeo Pepe Merino by motormerino, on Flickr'><img src='https:\/\/live.staticflickr.com\/65535\/54121787727_5f025179f1.jpg' width='800' height='600' alt='_JAM8877'><\/a><script async src='https:\/\/embedr.flickr.com\/assets\/client-code.js' charset='utf-8'><\/script>\n<\/div><\/figure>\n","protected":false},"excerpt":{"rendered":"<p>El pasado 3 de noviembre, el Palacio Multiusos de Guadalajara se visti\u00f3 de gala para recibir a un total de 350 judokas que participaron en el I Trofeo Pepe Merino y el Homenaje al Judo Alcarre\u00f1o. Pepe Merino cumpli\u00f3 su 60 aniversario desde que empez\u00f3 a impartir sus clases en Guadalajara. Enlace de Nueva Alcarria [&hellip;]<\/p>\n","protected":false},"author":1,"featured_media":1071,"comment_status":"open","ping_status":"open","sticky":false,"template":"","format":"standard","meta":{"footnotes":""},"categories":[2],"tags":[32,58,13,53,33],"class_list":["post-1070","post","type-post","status-publish","format-standard","has-post-thumbnail","hentry","category-noticias","tag-aylu","tag-aylu-guadalajara","tag-judo","tag-judo-aylu","tag-judo-guadalajara"],"_links":{"self":[{"href":"https:\/\/aylu.es\/index.php?rest_route=\/wp\/v2\/posts\/1070","targetHints":{"allow":["GET"]}}],"collection":[{"href":"https:\/\/aylu.es\/index.php?rest_route=\/wp\/v2\/posts"}],"about":[{"href":"https:\/\/aylu.es\/index.php?rest_route=\/wp\/v2\/types\/post"}],"author":[{"embeddable":true,"href":"https:\/\/aylu.es\/index.php?rest_route=\/wp\/v2\/users\/1"}],"replies":[{"embeddable":true,"href":"https:\/\/aylu.es\/index.php?rest_route=%2Fwp%2Fv2%2Fcomments&post=1070"}],"version-history":[{"count":1,"href":"https:\/\/aylu.es\/index.php?rest_route=\/wp\/v2\/posts\/1070\/revisions"}],"predecessor-version":[{"id":1072,"href":"https:\/\/aylu.es\/index.php?rest_route=\/wp\/v2\/posts\/1070\/revisions\/1072"}],"wp:featuredmedia":[{"embeddable":true,"href":"https:\/\/aylu.es\/index.php?rest_route=\/wp\/v2\/media\/1071"}],"wp:attachment":[{"href":"https:\/\/aylu.es\/index.php?rest_route=%2Fwp%2Fv2%2Fmedia&parent=1070"}],"wp:term":[{"taxonomy":"category","embeddable":true,"href":"https:\/\/aylu.es\/index.php?rest_route=%2Fwp%2Fv2%2Fcategories&post=1070"},{"taxonomy":"post_tag","embeddable":true,"href":"https:\/\/aylu.es\/index.php?rest_route=%2Fwp%2Fv2%2Ftags&post=1070"}],"curies":[{"name":"wp","href":"https:\/\/api.w.org\/{rel}","templated":true}]}}