{"id":1074,"date":"2024-11-22T15:45:19","date_gmt":"2024-11-22T15:45:19","guid":{"rendered":"https:\/\/aylu.es\/?p=1074"},"modified":"2024-11-22T15:45:25","modified_gmt":"2024-11-22T15:45:25","slug":"escuela-de-judo-aylu-vuelve-con-excelentes-resultados-de-la-superocopa-de-barbastro","status":"publish","type":"post","link":"https:\/\/aylu.es\/?p=1074","title":{"rendered":"Escuela de Judo Aylu vuelve con excelentes resultados de la SuperoCopa de Barbastro"},"content":{"rendered":"\n<h2 class=\"wp-block-heading has-accent-color has-text-color has-link-color wp-elements-73ed8315a0cbac11c091f3be3cd94c6a\"><em><strong>Noelia Lupan se sube al segundo escal\u00f3n del Podium en la dura Supercopa de Barbastro<\/strong><\/em><\/h2>\n\n\n\n<p>Cinco de los nuestros se aventuraron a participar en la Supercopa de Espa\u00f1a de Judo Cadete e infantil que se celebr\u00f3 el pasado fin de semana en la localidad oscense de Barbastro. A los 5 guerreros se les uni\u00f3 Erick Yago como entrenador, cumpliendo muy bien su papel desde la silla.<\/p>\n\n\n\n<p>Noelia Lupan, en la categor\u00eda de -63 kilos lo hizo realmente bien. Su medalla de plata es el premio al trabajo bien hecho y a los d\u00edas de entrenamiento. Todav\u00eda tiene que serenar su judo y no arriesgar. Su t\u00e9cnica es muy buena, pero debe aprovechar las buenas oportunidad para llevarla a la pr\u00e1ctica.  Esta medalla le viene muy bien para mantener la moral alta.<\/p>\n\n\n\n<figure class=\"wp-block-embed is-type-rich is-provider-imgur wp-block-embed-imgur\"><div class=\"wp-block-embed__wrapper\">\n<blockquote class=\"imgur-embed-pub\" lang=\"en\" data-id=\"a\/ubXH8Ze\"><a href=\"https:\/\/imgur.com\/a\/ubXH8Ze\">SUPERCOPA DE ESPA\u00d1A BARBASTRO 2024<\/a><\/blockquote><script async src=\"\/\/s.imgur.com\/min\/embed.js\" charset=\"utf-8\"><\/script>\n<\/div><\/figure>\n\n\n\n<p>En la categor\u00eda Cadete menos de 73 kilos, Rodrigo V\u00e1zquez ten\u00eda una papeleta dif\u00edcil con m\u00e1s de 40 competidores. Gan\u00f3 los dos primeros combates, uno de ellos por ippon en menos de diez segundos, pero el representante de Valencia le elimin\u00f3 en tercera ronda. Repesc\u00f3 y gano un combate, pero en el pase a la final de repesca, otro valenciano le quito la opci\u00f3n de disputar el bronce. Un quinto pues que sabe a gloria.<\/p>\n\n\n\n<p>Alvaro Segovia particip\u00f3 en  menos 46 kilos infantil y tamb\u00eden fue una de las m\u00e1s duras de la jornada. En las previas gan\u00f3 dos combates y perdi\u00f3 uno, pasando a la fase final como segundo de grupo. En el primer combate se enfrento al valenciano y fue un combate de poder que se decidi\u00f3 en la t\u00e9cnica de Oro despu\u00e9s de m\u00e1s de 8 minutos. El valenciano gan\u00f3, pero el buen sabor de boca que nos dej\u00f3 Alvaro en este combate con su 5 puesto no se nos olvidar\u00e1 f\u00e1cilmente.<\/p>\n\n\n\n<p>Alvaro Agarrabeitia y Daniel Hern\u00e1ndez no pudieron pasar de la fase previa, ganando un combate cada uno y perdiendo dos, lo que les dejaba en tercera posici\u00f3n de su grupo y sin opci\u00f3n a pasar a la fase final. 7\u00ba puesto para ambos que les tiene que servir para tomarse las cosas con m\u00e1s ganas y conseguir mejores resultados.<\/p>\n\n\n\n<p>Este fin de semana, nueva cita en la Super Copa de Madrid, en la que se une a estos 5 valientes Lucas Pordomingo.<\/p>\n","protected":false},"excerpt":{"rendered":"<p>Noelia Lupan se sube al segundo escal\u00f3n del Podium en la dura Supercopa de Barbastro Cinco de los nuestros se aventuraron a participar en la Supercopa de Espa\u00f1a de Judo Cadete e infantil que se celebr\u00f3 el pasado fin de semana en la localidad oscense de Barbastro. A los 5 guerreros se les uni\u00f3 Erick [&hellip;]<\/p>\n","protected":false},"author":1,"featured_media":1075,"comment_status":"open","ping_status":"open","sticky":false,"template":"","format":"standard","meta":{"footnotes":""},"categories":[22,2],"tags":[32,34,13,33],"class_list":["post-1074","post","type-post","status-publish","format-standard","has-post-thumbnail","hentry","category-competiciones","category-noticias","tag-aylu","tag-gimnasio-aylu","tag-judo","tag-judo-guadalajara"],"_links":{"self":[{"href":"https:\/\/aylu.es\/index.php?rest_route=\/wp\/v2\/posts\/1074","targetHints":{"allow":["GET"]}}],"collection":[{"href":"https:\/\/aylu.es\/index.php?rest_route=\/wp\/v2\/posts"}],"about":[{"href":"https:\/\/aylu.es\/index.php?rest_route=\/wp\/v2\/types\/post"}],"author":[{"embeddable":true,"href":"https:\/\/aylu.es\/index.php?rest_route=\/wp\/v2\/users\/1"}],"replies":[{"embeddable":true,"href":"https:\/\/aylu.es\/index.php?rest_route=%2Fwp%2Fv2%2Fcomments&post=1074"}],"version-history":[{"count":1,"href":"https:\/\/aylu.es\/index.php?rest_route=\/wp\/v2\/posts\/1074\/revisions"}],"predecessor-version":[{"id":1076,"href":"https:\/\/aylu.es\/index.php?rest_route=\/wp\/v2\/posts\/1074\/revisions\/1076"}],"wp:featuredmedia":[{"embeddable":true,"href":"https:\/\/aylu.es\/index.php?rest_route=\/wp\/v2\/media\/1075"}],"wp:attachment":[{"href":"https:\/\/aylu.es\/index.php?rest_route=%2Fwp%2Fv2%2Fmedia&parent=1074"}],"wp:term":[{"taxonomy":"category","embeddable":true,"href":"https:\/\/aylu.es\/index.php?rest_route=%2Fwp%2Fv2%2Fcategories&post=1074"},{"taxonomy":"post_tag","embeddable":true,"href":"https:\/\/aylu.es\/index.php?rest_route=%2Fwp%2Fv2%2Ftags&post=1074"}],"curies":[{"name":"wp","href":"https:\/\/api.w.org\/{rel}","templated":true}]}}