{"id":1078,"date":"2024-12-03T16:45:26","date_gmt":"2024-12-03T16:45:26","guid":{"rendered":"https:\/\/aylu.es\/?p=1078"},"modified":"2024-12-03T16:45:29","modified_gmt":"2024-12-03T16:45:29","slug":"la-supercopa-de-madrid-2024-nos-trajo-mucha-experiencia-y-una-importantisima-medalla-de-oro","status":"publish","type":"post","link":"https:\/\/aylu.es\/?p=1078","title":{"rendered":"La SuperCopa de Madrid 2024 nos trajo mucha experiencia y una important\u00edsima medalla de ORO."},"content":{"rendered":"\n<p>Nuestra guerrera Noelia Lupan se subi\u00f3 al escal\u00f3n m\u00e1s alto del podium tras una competici\u00f3n impecable. No empez\u00f3 con buen pie, ya que una de las representantes extreme\u00f1as la gano en su primer combate. Se rehizo muy bien y los dos siguientes combates de la fase clasificatoria los gano con solvencia. Una vez pas\u00f3 a la Fase Final, por delante ten\u00eda la primera gallega a a la que venci\u00f3 sin problemas. Despu\u00e9s se despach\u00f3 a otra gallega tambi\u00e9n  muy fuerte y la final\u00edsima la hizo con la extreme\u00f1a ante la que perdi\u00f3 el primer combate. Tampoco fue rival, se la llev\u00f3 al suelo y venci\u00f3 por ippon de Osae-komi.<\/p>\n\n\n\n<figure class=\"wp-block-gallery has-nested-images columns-default is-cropped wp-block-gallery-1 is-layout-flex wp-block-gallery-is-layout-flex\">\n<figure class=\"wp-block-image size-large\"><img fetchpriority=\"high\" decoding=\"async\" width=\"720\" height=\"960\" data-id=\"1082\" src=\"https:\/\/aylu.es\/wp-content\/uploads\/2024\/12\/WhatsApp-Image-2024-12-03-at-17.43.39-720x960.jpeg\" alt=\"\" class=\"wp-image-1082\" srcset=\"https:\/\/aylu.es\/wp-content\/uploads\/2024\/12\/WhatsApp-Image-2024-12-03-at-17.43.39-720x960.jpeg 720w, https:\/\/aylu.es\/wp-content\/uploads\/2024\/12\/WhatsApp-Image-2024-12-03-at-17.43.39-225x300.jpeg 225w, https:\/\/aylu.es\/wp-content\/uploads\/2024\/12\/WhatsApp-Image-2024-12-03-at-17.43.39-768x1024.jpeg 768w, https:\/\/aylu.es\/wp-content\/uploads\/2024\/12\/WhatsApp-Image-2024-12-03-at-17.43.39-1152x1536.jpeg 1152w, https:\/\/aylu.es\/wp-content\/uploads\/2024\/12\/WhatsApp-Image-2024-12-03-at-17.43.39-816x1088.jpeg 816w, https:\/\/aylu.es\/wp-content\/uploads\/2024\/12\/WhatsApp-Image-2024-12-03-at-17.43.39-1320x1760.jpeg 1320w, https:\/\/aylu.es\/wp-content\/uploads\/2024\/12\/WhatsApp-Image-2024-12-03-at-17.43.39.jpeg 1536w\" sizes=\"(max-width: 720px) 100vw, 720px\" \/><\/figure>\n\n\n\n<figure class=\"wp-block-image size-large\"><img decoding=\"async\" width=\"960\" height=\"431\" data-id=\"1079\" src=\"https:\/\/aylu.es\/wp-content\/uploads\/2024\/12\/WhatsApp-Image-2024-12-03-at-17.42.59-960x431.jpeg\" alt=\"\" class=\"wp-image-1079\" srcset=\"https:\/\/aylu.es\/wp-content\/uploads\/2024\/12\/WhatsApp-Image-2024-12-03-at-17.42.59-960x431.jpeg 960w, https:\/\/aylu.es\/wp-content\/uploads\/2024\/12\/WhatsApp-Image-2024-12-03-at-17.42.59-300x135.jpeg 300w, https:\/\/aylu.es\/wp-content\/uploads\/2024\/12\/WhatsApp-Image-2024-12-03-at-17.42.59-768x345.jpeg 768w, https:\/\/aylu.es\/wp-content\/uploads\/2024\/12\/WhatsApp-Image-2024-12-03-at-17.42.59-1536x690.jpeg 1536w, https:\/\/aylu.es\/wp-content\/uploads\/2024\/12\/WhatsApp-Image-2024-12-03-at-17.42.59-816x367.jpeg 816w, https:\/\/aylu.es\/wp-content\/uploads\/2024\/12\/WhatsApp-Image-2024-12-03-at-17.42.59-1320x593.jpeg 1320w, https:\/\/aylu.es\/wp-content\/uploads\/2024\/12\/WhatsApp-Image-2024-12-03-at-17.42.59.jpeg 1600w\" sizes=\"(max-width: 960px) 100vw, 960px\" \/><\/figure>\n\n\n\n<figure class=\"wp-block-image size-large\"><img decoding=\"async\" width=\"720\" height=\"960\" data-id=\"1080\" src=\"https:\/\/aylu.es\/wp-content\/uploads\/2024\/12\/WhatsApp-Image-2024-12-03-at-17.42.31-720x960.jpeg\" alt=\"\" class=\"wp-image-1080\" srcset=\"https:\/\/aylu.es\/wp-content\/uploads\/2024\/12\/WhatsApp-Image-2024-12-03-at-17.42.31-720x960.jpeg 720w, https:\/\/aylu.es\/wp-content\/uploads\/2024\/12\/WhatsApp-Image-2024-12-03-at-17.42.31-225x300.jpeg 225w, https:\/\/aylu.es\/wp-content\/uploads\/2024\/12\/WhatsApp-Image-2024-12-03-at-17.42.31-768x1024.jpeg 768w, https:\/\/aylu.es\/wp-content\/uploads\/2024\/12\/WhatsApp-Image-2024-12-03-at-17.42.31-1152x1536.jpeg 1152w, https:\/\/aylu.es\/wp-content\/uploads\/2024\/12\/WhatsApp-Image-2024-12-03-at-17.42.31-816x1088.jpeg 816w, https:\/\/aylu.es\/wp-content\/uploads\/2024\/12\/WhatsApp-Image-2024-12-03-at-17.42.31.jpeg 1200w\" sizes=\"(max-width: 720px) 100vw, 720px\" \/><\/figure>\n\n\n\n<figure class=\"wp-block-image size-large\"><img loading=\"lazy\" decoding=\"async\" width=\"960\" height=\"733\" data-id=\"1083\" src=\"https:\/\/aylu.es\/wp-content\/uploads\/2024\/12\/WhatsApp-Image-2024-11-25-at-10.25.00-960x733.jpeg\" alt=\"\" class=\"wp-image-1083\" srcset=\"https:\/\/aylu.es\/wp-content\/uploads\/2024\/12\/WhatsApp-Image-2024-11-25-at-10.25.00-960x733.jpeg 960w, https:\/\/aylu.es\/wp-content\/uploads\/2024\/12\/WhatsApp-Image-2024-11-25-at-10.25.00-300x229.jpeg 300w, https:\/\/aylu.es\/wp-content\/uploads\/2024\/12\/WhatsApp-Image-2024-11-25-at-10.25.00-768x586.jpeg 768w, https:\/\/aylu.es\/wp-content\/uploads\/2024\/12\/WhatsApp-Image-2024-11-25-at-10.25.00-816x623.jpeg 816w, https:\/\/aylu.es\/wp-content\/uploads\/2024\/12\/WhatsApp-Image-2024-11-25-at-10.25.00.jpeg 1154w\" sizes=\"(max-width: 960px) 100vw, 960px\" \/><\/figure>\n\n\n\n<figure class=\"wp-block-image size-large\"><img loading=\"lazy\" decoding=\"async\" width=\"960\" height=\"720\" data-id=\"1081\" src=\"https:\/\/aylu.es\/wp-content\/uploads\/2024\/12\/WhatsApp-Image-2024-11-26-at-23.47.54-960x720.jpeg\" alt=\"\" class=\"wp-image-1081\" srcset=\"https:\/\/aylu.es\/wp-content\/uploads\/2024\/12\/WhatsApp-Image-2024-11-26-at-23.47.54-960x720.jpeg 960w, https:\/\/aylu.es\/wp-content\/uploads\/2024\/12\/WhatsApp-Image-2024-11-26-at-23.47.54-300x225.jpeg 300w, https:\/\/aylu.es\/wp-content\/uploads\/2024\/12\/WhatsApp-Image-2024-11-26-at-23.47.54-768x576.jpeg 768w, https:\/\/aylu.es\/wp-content\/uploads\/2024\/12\/WhatsApp-Image-2024-11-26-at-23.47.54-1536x1152.jpeg 1536w, https:\/\/aylu.es\/wp-content\/uploads\/2024\/12\/WhatsApp-Image-2024-11-26-at-23.47.54-816x612.jpeg 816w, https:\/\/aylu.es\/wp-content\/uploads\/2024\/12\/WhatsApp-Image-2024-11-26-at-23.47.54-1320x990.jpeg 1320w, https:\/\/aylu.es\/wp-content\/uploads\/2024\/12\/WhatsApp-Image-2024-11-26-at-23.47.54.jpeg 1600w\" sizes=\"(max-width: 960px) 100vw, 960px\" \/><\/figure>\n<\/figure>\n\n\n\n<p>Lucas Pordomingo es todo coraz\u00f3n. Es con mucha diferencia el competidor con menos peso de la categor\u00eda y a pesar de ello, lucha como un jabato y se cuela en la fase final como primer clasificado. Pero en el primer combate, el \u00abcoraz\u00f3n\u00bb le juega una mala pasada. Podria haber ganado de sobra, pero el impet\u00fa pudo m\u00e1s que la cabeza y perdi\u00f3 en el primer combate. Al fina, quinto.<\/p>\n\n\n\n<p>Alvaro Segovia tambi\u00e9n hizo una buena competici\u00f3n, quedando segundo en la fase clasificatoria pero quedando algo tocado de un tobillo. Lo hizo muy bien, con fuerza y cabeza, pero esa peque\u00f1a lesi\u00f3n en el tobillo le merm\u00f3 demasiado y decidi\u00f3 no participar en la fase final a pesar de haberse clasificado. S\u00e9ptimo final no es mal resultado.<\/p>\n\n\n\n<p>Alvaro Agarrabeitia, tambien s\u00e9ptimo clasificado, le va cogiendo el truco a esto de la competici\u00f3n y poco a poco y entrenamiento llegar\u00e1n las victorias.<\/p>\n\n\n\n<p>Daniel Hernandez y Alberto Encijo, este \u00faltimo en la Categor\u00eda de Cadetes lo tuvieron muy dif\u00edcil y no lograron pasar a las fases finales de sus respectivas categor\u00edas, terminando en 9\u00aa posici\u00f3n.<\/p>\n\n\n\n<p><br><\/p>\n","protected":false},"excerpt":{"rendered":"<p>Nuestra guerrera Noelia Lupan se subi\u00f3 al escal\u00f3n m\u00e1s alto del podium tras una competici\u00f3n impecable. No empez\u00f3 con buen pie, ya que una de las representantes extreme\u00f1as la gano en su primer combate. Se rehizo muy bien y los dos siguientes combates de la fase clasificatoria los gano con solvencia. Una vez pas\u00f3 a [&hellip;]<\/p>\n","protected":false},"author":1,"featured_media":1083,"comment_status":"open","ping_status":"open","sticky":false,"template":"","format":"standard","meta":{"footnotes":""},"categories":[22,2],"tags":[32,58,34,36,13,53,33],"class_list":["post-1078","post","type-post","status-publish","format-standard","has-post-thumbnail","hentry","category-competiciones","category-noticias","tag-aylu","tag-aylu-guadalajara","tag-gimnasio-aylu","tag-guadalajara","tag-judo","tag-judo-aylu","tag-judo-guadalajara"],"_links":{"self":[{"href":"https:\/\/aylu.es\/index.php?rest_route=\/wp\/v2\/posts\/1078","targetHints":{"allow":["GET"]}}],"collection":[{"href":"https:\/\/aylu.es\/index.php?rest_route=\/wp\/v2\/posts"}],"about":[{"href":"https:\/\/aylu.es\/index.php?rest_route=\/wp\/v2\/types\/post"}],"author":[{"embeddable":true,"href":"https:\/\/aylu.es\/index.php?rest_route=\/wp\/v2\/users\/1"}],"replies":[{"embeddable":true,"href":"https:\/\/aylu.es\/index.php?rest_route=%2Fwp%2Fv2%2Fcomments&post=1078"}],"version-history":[{"count":1,"href":"https:\/\/aylu.es\/index.php?rest_route=\/wp\/v2\/posts\/1078\/revisions"}],"predecessor-version":[{"id":1084,"href":"https:\/\/aylu.es\/index.php?rest_route=\/wp\/v2\/posts\/1078\/revisions\/1084"}],"wp:featuredmedia":[{"embeddable":true,"href":"https:\/\/aylu.es\/index.php?rest_route=\/wp\/v2\/media\/1083"}],"wp:attachment":[{"href":"https:\/\/aylu.es\/index.php?rest_route=%2Fwp%2Fv2%2Fmedia&parent=1078"}],"wp:term":[{"taxonomy":"category","embeddable":true,"href":"https:\/\/aylu.es\/index.php?rest_route=%2Fwp%2Fv2%2Fcategories&post=1078"},{"taxonomy":"post_tag","embeddable":true,"href":"https:\/\/aylu.es\/index.php?rest_route=%2Fwp%2Fv2%2Ftags&post=1078"}],"curies":[{"name":"wp","href":"https:\/\/api.w.org\/{rel}","templated":true}]}}