{"id":1086,"date":"2024-12-17T16:14:37","date_gmt":"2024-12-17T16:14:37","guid":{"rendered":"https:\/\/aylu.es\/?p=1086"},"modified":"2024-12-17T16:21:00","modified_gmt":"2024-12-17T16:21:00","slug":"premiados-del-aylu-en-la-gala-de-federaciomn-de-clm-de-judo","status":"publish","type":"post","link":"https:\/\/aylu.es\/?p=1086","title":{"rendered":"Premiados del Aylu en la Gala de Federaci\u00f3n de CLM de Judo"},"content":{"rendered":"\n<p>La Federaci\u00f3n de CLM de judo, celebra cada a\u00f1o su gala para premiar a sus mejores deportistas en cada una de las categor\u00edas en las que participan. En este caso, y debido a la ausencia de la gala 22-23, los premiados han sido por las temporadas 22-23 y 23-24.<\/p>\n\n\n\n<p>Se celebr\u00f3 el pasado s\u00e1bado 14 de diciembre en Talavera y hemos tenido premiados en casi todas las especialidades de Judo.<\/p>\n\n\n\n<p>Los premiados fueron los siguientes:<\/p>\n\n\n\n<p>Lucas Pordomingo , Noa de la Fuente y Alberto Encijo en la especialidad de Katas.<\/p>\n\n\n\n<p>Noelia Lupan, Nia Khizanishvili, Josemi Galache, Alvaro Segovia, y Alvaro Agarrabeitia, en la especialidad de Competici\u00f3n.<\/p>\n\n\n\n<p>Juan Manuel Lorenzo, en la especialidad de Arbitraje.<\/p>\n\n\n\n<p>Enhorabuena a todos!!!!<\/p>\n\n\n\n<figure class=\"wp-block-gallery has-nested-images columns-4 is-cropped wp-block-gallery-1 is-layout-flex wp-block-gallery-is-layout-flex\">\n<figure class=\"wp-block-image size-large\"><img fetchpriority=\"high\" decoding=\"async\" width=\"720\" height=\"960\" data-id=\"1089\" src=\"https:\/\/aylu.es\/wp-content\/uploads\/2024\/12\/IMG_1431-720x960.jpg\" alt=\"\" class=\"wp-image-1089\" srcset=\"https:\/\/aylu.es\/wp-content\/uploads\/2024\/12\/IMG_1431-720x960.jpg 720w, https:\/\/aylu.es\/wp-content\/uploads\/2024\/12\/IMG_1431-225x300.jpg 225w, https:\/\/aylu.es\/wp-content\/uploads\/2024\/12\/IMG_1431.jpg 750w\" sizes=\"(max-width: 720px) 100vw, 720px\" \/><\/figure>\n\n\n\n<figure class=\"wp-block-image size-large\"><img decoding=\"async\" width=\"800\" height=\"600\" data-id=\"1087\" src=\"https:\/\/aylu.es\/wp-content\/uploads\/2024\/12\/IMG_1436.jpg\" alt=\"\" class=\"wp-image-1087\" srcset=\"https:\/\/aylu.es\/wp-content\/uploads\/2024\/12\/IMG_1436.jpg 800w, https:\/\/aylu.es\/wp-content\/uploads\/2024\/12\/IMG_1436-300x225.jpg 300w, https:\/\/aylu.es\/wp-content\/uploads\/2024\/12\/IMG_1436-768x576.jpg 768w\" sizes=\"(max-width: 800px) 100vw, 800px\" \/><\/figure>\n\n\n\n<figure class=\"wp-block-image size-large\"><img decoding=\"async\" width=\"800\" height=\"600\" data-id=\"1090\" src=\"https:\/\/aylu.es\/wp-content\/uploads\/2024\/12\/IMG_1440.jpg\" alt=\"\" class=\"wp-image-1090\" srcset=\"https:\/\/aylu.es\/wp-content\/uploads\/2024\/12\/IMG_1440.jpg 800w, https:\/\/aylu.es\/wp-content\/uploads\/2024\/12\/IMG_1440-300x225.jpg 300w, https:\/\/aylu.es\/wp-content\/uploads\/2024\/12\/IMG_1440-768x576.jpg 768w\" sizes=\"(max-width: 800px) 100vw, 800px\" \/><\/figure>\n\n\n\n<figure class=\"wp-block-image size-large\"><img loading=\"lazy\" decoding=\"async\" width=\"720\" height=\"960\" data-id=\"1094\" src=\"https:\/\/aylu.es\/wp-content\/uploads\/2024\/12\/IMG_1425-720x960.jpg\" alt=\"\" class=\"wp-image-1094\" srcset=\"https:\/\/aylu.es\/wp-content\/uploads\/2024\/12\/IMG_1425-720x960.jpg 720w, https:\/\/aylu.es\/wp-content\/uploads\/2024\/12\/IMG_1425-225x300.jpg 225w, https:\/\/aylu.es\/wp-content\/uploads\/2024\/12\/IMG_1425.jpg 750w\" sizes=\"(max-width: 720px) 100vw, 720px\" \/><\/figure>\n\n\n\n<figure class=\"wp-block-image size-large\"><img loading=\"lazy\" decoding=\"async\" width=\"720\" height=\"960\" data-id=\"1088\" src=\"https:\/\/aylu.es\/wp-content\/uploads\/2024\/12\/IMG_1428-720x960.jpg\" alt=\"\" class=\"wp-image-1088\" srcset=\"https:\/\/aylu.es\/wp-content\/uploads\/2024\/12\/IMG_1428-720x960.jpg 720w, https:\/\/aylu.es\/wp-content\/uploads\/2024\/12\/IMG_1428-225x300.jpg 225w, https:\/\/aylu.es\/wp-content\/uploads\/2024\/12\/IMG_1428.jpg 750w\" sizes=\"(max-width: 720px) 100vw, 720px\" \/><\/figure>\n\n\n\n<figure class=\"wp-block-image size-large\"><img loading=\"lazy\" decoding=\"async\" width=\"720\" height=\"960\" data-id=\"1093\" src=\"https:\/\/aylu.es\/wp-content\/uploads\/2024\/12\/IMG_1429-720x960.jpg\" alt=\"\" class=\"wp-image-1093\" srcset=\"https:\/\/aylu.es\/wp-content\/uploads\/2024\/12\/IMG_1429-720x960.jpg 720w, https:\/\/aylu.es\/wp-content\/uploads\/2024\/12\/IMG_1429-225x300.jpg 225w, https:\/\/aylu.es\/wp-content\/uploads\/2024\/12\/IMG_1429.jpg 750w\" sizes=\"(max-width: 720px) 100vw, 720px\" \/><\/figure>\n\n\n\n<figure class=\"wp-block-image size-large\"><img loading=\"lazy\" decoding=\"async\" width=\"720\" height=\"960\" data-id=\"1092\" src=\"https:\/\/aylu.es\/wp-content\/uploads\/2024\/12\/IMG_1417-720x960.jpg\" alt=\"\" class=\"wp-image-1092\" srcset=\"https:\/\/aylu.es\/wp-content\/uploads\/2024\/12\/IMG_1417-720x960.jpg 720w, https:\/\/aylu.es\/wp-content\/uploads\/2024\/12\/IMG_1417-225x300.jpg 225w, https:\/\/aylu.es\/wp-content\/uploads\/2024\/12\/IMG_1417.jpg 750w\" sizes=\"(max-width: 720px) 100vw, 720px\" \/><\/figure>\n\n\n\n<figure class=\"wp-block-image size-large\"><img loading=\"lazy\" decoding=\"async\" width=\"720\" height=\"960\" data-id=\"1091\" src=\"https:\/\/aylu.es\/wp-content\/uploads\/2024\/12\/IMG_1420-720x960.jpg\" alt=\"\" class=\"wp-image-1091\" srcset=\"https:\/\/aylu.es\/wp-content\/uploads\/2024\/12\/IMG_1420-720x960.jpg 720w, https:\/\/aylu.es\/wp-content\/uploads\/2024\/12\/IMG_1420-225x300.jpg 225w, https:\/\/aylu.es\/wp-content\/uploads\/2024\/12\/IMG_1420.jpg 750w\" sizes=\"(max-width: 720px) 100vw, 720px\" \/><\/figure>\n\n\n\n<figure class=\"wp-block-image size-large\"><img loading=\"lazy\" decoding=\"async\" width=\"720\" height=\"960\" data-id=\"1095\" src=\"https:\/\/aylu.es\/wp-content\/uploads\/2024\/12\/IMG_1423-720x960.jpg\" alt=\"\" class=\"wp-image-1095\" srcset=\"https:\/\/aylu.es\/wp-content\/uploads\/2024\/12\/IMG_1423-720x960.jpg 720w, https:\/\/aylu.es\/wp-content\/uploads\/2024\/12\/IMG_1423-225x300.jpg 225w, https:\/\/aylu.es\/wp-content\/uploads\/2024\/12\/IMG_1423.jpg 750w\" sizes=\"(max-width: 720px) 100vw, 720px\" \/><\/figure>\n\n\n\n<figure class=\"wp-block-image size-large\"><img loading=\"lazy\" decoding=\"async\" width=\"800\" height=\"600\" data-id=\"1096\" src=\"https:\/\/aylu.es\/wp-content\/uploads\/2024\/12\/IMG_1407.jpg\" alt=\"\" class=\"wp-image-1096\" srcset=\"https:\/\/aylu.es\/wp-content\/uploads\/2024\/12\/IMG_1407.jpg 800w, https:\/\/aylu.es\/wp-content\/uploads\/2024\/12\/IMG_1407-300x225.jpg 300w, https:\/\/aylu.es\/wp-content\/uploads\/2024\/12\/IMG_1407-768x576.jpg 768w\" sizes=\"(max-width: 800px) 100vw, 800px\" \/><\/figure>\n\n\n\n<figure class=\"wp-block-image size-large\"><img loading=\"lazy\" decoding=\"async\" width=\"800\" height=\"600\" data-id=\"1097\" src=\"https:\/\/aylu.es\/wp-content\/uploads\/2024\/12\/IMG_1408.jpg\" alt=\"\" class=\"wp-image-1097\" srcset=\"https:\/\/aylu.es\/wp-content\/uploads\/2024\/12\/IMG_1408.jpg 800w, https:\/\/aylu.es\/wp-content\/uploads\/2024\/12\/IMG_1408-300x225.jpg 300w, https:\/\/aylu.es\/wp-content\/uploads\/2024\/12\/IMG_1408-768x576.jpg 768w\" sizes=\"(max-width: 800px) 100vw, 800px\" \/><\/figure>\n\n\n\n<figure class=\"wp-block-image size-large\"><img loading=\"lazy\" decoding=\"async\" width=\"800\" height=\"600\" data-id=\"1099\" src=\"https:\/\/aylu.es\/wp-content\/uploads\/2024\/12\/IMG_1410.jpg\" alt=\"\" class=\"wp-image-1099\" srcset=\"https:\/\/aylu.es\/wp-content\/uploads\/2024\/12\/IMG_1410.jpg 800w, https:\/\/aylu.es\/wp-content\/uploads\/2024\/12\/IMG_1410-300x225.jpg 300w, https:\/\/aylu.es\/wp-content\/uploads\/2024\/12\/IMG_1410-768x576.jpg 768w\" sizes=\"(max-width: 800px) 100vw, 800px\" \/><\/figure>\n\n\n\n<figure class=\"wp-block-image size-large\"><img loading=\"lazy\" decoding=\"async\" width=\"800\" height=\"600\" data-id=\"1101\" src=\"https:\/\/aylu.es\/wp-content\/uploads\/2024\/12\/IMG_1411.jpg\" alt=\"\" class=\"wp-image-1101\" srcset=\"https:\/\/aylu.es\/wp-content\/uploads\/2024\/12\/IMG_1411.jpg 800w, https:\/\/aylu.es\/wp-content\/uploads\/2024\/12\/IMG_1411-300x225.jpg 300w, https:\/\/aylu.es\/wp-content\/uploads\/2024\/12\/IMG_1411-768x576.jpg 768w\" sizes=\"(max-width: 800px) 100vw, 800px\" \/><\/figure>\n\n\n\n<figure class=\"wp-block-image size-large\"><img loading=\"lazy\" decoding=\"async\" width=\"800\" height=\"600\" data-id=\"1100\" src=\"https:\/\/aylu.es\/wp-content\/uploads\/2024\/12\/IMG_1398.jpg\" alt=\"\" class=\"wp-image-1100\" srcset=\"https:\/\/aylu.es\/wp-content\/uploads\/2024\/12\/IMG_1398.jpg 800w, https:\/\/aylu.es\/wp-content\/uploads\/2024\/12\/IMG_1398-300x225.jpg 300w, https:\/\/aylu.es\/wp-content\/uploads\/2024\/12\/IMG_1398-768x576.jpg 768w\" sizes=\"(max-width: 800px) 100vw, 800px\" \/><\/figure>\n\n\n\n<figure class=\"wp-block-image size-large\"><img loading=\"lazy\" decoding=\"async\" width=\"800\" height=\"600\" data-id=\"1102\" src=\"https:\/\/aylu.es\/wp-content\/uploads\/2024\/12\/IMG_1402.jpg\" alt=\"\" class=\"wp-image-1102\" srcset=\"https:\/\/aylu.es\/wp-content\/uploads\/2024\/12\/IMG_1402.jpg 800w, https:\/\/aylu.es\/wp-content\/uploads\/2024\/12\/IMG_1402-300x225.jpg 300w, https:\/\/aylu.es\/wp-content\/uploads\/2024\/12\/IMG_1402-768x576.jpg 768w\" sizes=\"(max-width: 800px) 100vw, 800px\" \/><\/figure>\n\n\n\n<figure class=\"wp-block-image size-large\"><img loading=\"lazy\" decoding=\"async\" width=\"800\" height=\"600\" data-id=\"1098\" src=\"https:\/\/aylu.es\/wp-content\/uploads\/2024\/12\/IMG_1406.jpg\" alt=\"\" class=\"wp-image-1098\" srcset=\"https:\/\/aylu.es\/wp-content\/uploads\/2024\/12\/IMG_1406.jpg 800w, https:\/\/aylu.es\/wp-content\/uploads\/2024\/12\/IMG_1406-300x225.jpg 300w, https:\/\/aylu.es\/wp-content\/uploads\/2024\/12\/IMG_1406-768x576.jpg 768w\" sizes=\"(max-width: 800px) 100vw, 800px\" \/><\/figure>\n<\/figure>\n","protected":false},"excerpt":{"rendered":"<p>La Federaci\u00f3n de CLM de judo, celebra cada a\u00f1o su gala para premiar a sus mejores deportistas en cada una de las categor\u00edas en las que participan. En este caso, y debido a la ausencia de la gala 22-23, los premiados han sido por las temporadas 22-23 y 23-24. Se celebr\u00f3 el pasado s\u00e1bado 14 [&hellip;]<\/p>\n","protected":false},"author":3,"featured_media":1087,"comment_status":"open","ping_status":"open","sticky":false,"template":"","format":"standard","meta":{"footnotes":""},"categories":[2],"tags":[],"class_list":["post-1086","post","type-post","status-publish","format-standard","has-post-thumbnail","hentry","category-noticias"],"_links":{"self":[{"href":"https:\/\/aylu.es\/index.php?rest_route=\/wp\/v2\/posts\/1086","targetHints":{"allow":["GET"]}}],"collection":[{"href":"https:\/\/aylu.es\/index.php?rest_route=\/wp\/v2\/posts"}],"about":[{"href":"https:\/\/aylu.es\/index.php?rest_route=\/wp\/v2\/types\/post"}],"author":[{"embeddable":true,"href":"https:\/\/aylu.es\/index.php?rest_route=\/wp\/v2\/users\/3"}],"replies":[{"embeddable":true,"href":"https:\/\/aylu.es\/index.php?rest_route=%2Fwp%2Fv2%2Fcomments&post=1086"}],"version-history":[{"count":2,"href":"https:\/\/aylu.es\/index.php?rest_route=\/wp\/v2\/posts\/1086\/revisions"}],"predecessor-version":[{"id":1104,"href":"https:\/\/aylu.es\/index.php?rest_route=\/wp\/v2\/posts\/1086\/revisions\/1104"}],"wp:featuredmedia":[{"embeddable":true,"href":"https:\/\/aylu.es\/index.php?rest_route=\/wp\/v2\/media\/1087"}],"wp:attachment":[{"href":"https:\/\/aylu.es\/index.php?rest_route=%2Fwp%2Fv2%2Fmedia&parent=1086"}],"wp:term":[{"taxonomy":"category","embeddable":true,"href":"https:\/\/aylu.es\/index.php?rest_route=%2Fwp%2Fv2%2Fcategories&post=1086"},{"taxonomy":"post_tag","embeddable":true,"href":"https:\/\/aylu.es\/index.php?rest_route=%2Fwp%2Fv2%2Ftags&post=1086"}],"curies":[{"name":"wp","href":"https:\/\/api.w.org\/{rel}","templated":true}]}}