{"id":1106,"date":"2024-12-17T16:29:58","date_gmt":"2024-12-17T16:29:58","guid":{"rendered":"https:\/\/aylu.es\/?p=1106"},"modified":"2024-12-17T16:29:59","modified_gmt":"2024-12-17T16:29:59","slug":"jornadas-contra-la-violencia-de-genero-y-familijudo-2024","status":"publish","type":"post","link":"https:\/\/aylu.es\/?p=1106","title":{"rendered":"Jornadas contra la Violencia de G\u00e9nero y Familijudo 2024"},"content":{"rendered":"\n<p>Un a\u00f1o m\u00e1s y en colaboraci\u00f3n con la Federaci\u00f3n de Judo de CLM y el Excmo. Ayto. de Guadalajara, nuestra Escuela organizo el pasado dia 15 este emotivo encuentro.<\/p>\n\n\n\n<p>Adem\u00e1s de concienciar a todos los asistentes sobre la Violencia de G\u00e9nero, padre e hijos, disfrutaron de una divertida ma\u00f1ana de judo. Los judokas ejercieron de profesores con sus padres y pudieron comprobar lo efectivo y bueno que es el judo para todos los j\u00f2venes<\/p>\n\n\n\n<figure class=\"wp-block-embed is-type-rich is-provider-imgur wp-block-embed-imgur\"><div class=\"wp-block-embed__wrapper\">\n<blockquote class=\"imgur-embed-pub\" lang=\"en\" data-id=\"a\/GtJrDsP\"><a href=\"https:\/\/imgur.com\/a\/GtJrDsP\">Jornada Contra la Violencia de G\u00e9nero &#8211; Familijudo 2024<\/a><\/blockquote><script async src=\"\/\/s.imgur.com\/min\/embed.js\" charset=\"utf-8\"><\/script>\n<\/div><\/figure>\n","protected":false},"excerpt":{"rendered":"<p>Un a\u00f1o m\u00e1s y en colaboraci\u00f3n con la Federaci\u00f3n de Judo de CLM y el Excmo. Ayto. de Guadalajara, nuestra Escuela organizo el pasado dia 15 este emotivo encuentro. Adem\u00e1s de concienciar a todos los asistentes sobre la Violencia de G\u00e9nero, padre e hijos, disfrutaron de una divertida ma\u00f1ana de judo. Los judokas ejercieron de [&hellip;]<\/p>\n","protected":false},"author":1,"featured_media":1108,"comment_status":"open","ping_status":"open","sticky":false,"template":"","format":"standard","meta":{"footnotes":""},"categories":[2,1],"tags":[32,58,34,36,13,33],"class_list":["post-1106","post","type-post","status-publish","format-standard","has-post-thumbnail","hentry","category-noticias","category-uncategorized","tag-aylu","tag-aylu-guadalajara","tag-gimnasio-aylu","tag-guadalajara","tag-judo","tag-judo-guadalajara"],"_links":{"self":[{"href":"https:\/\/aylu.es\/index.php?rest_route=\/wp\/v2\/posts\/1106","targetHints":{"allow":["GET"]}}],"collection":[{"href":"https:\/\/aylu.es\/index.php?rest_route=\/wp\/v2\/posts"}],"about":[{"href":"https:\/\/aylu.es\/index.php?rest_route=\/wp\/v2\/types\/post"}],"author":[{"embeddable":true,"href":"https:\/\/aylu.es\/index.php?rest_route=\/wp\/v2\/users\/1"}],"replies":[{"embeddable":true,"href":"https:\/\/aylu.es\/index.php?rest_route=%2Fwp%2Fv2%2Fcomments&post=1106"}],"version-history":[{"count":2,"href":"https:\/\/aylu.es\/index.php?rest_route=\/wp\/v2\/posts\/1106\/revisions"}],"predecessor-version":[{"id":1109,"href":"https:\/\/aylu.es\/index.php?rest_route=\/wp\/v2\/posts\/1106\/revisions\/1109"}],"wp:featuredmedia":[{"embeddable":true,"href":"https:\/\/aylu.es\/index.php?rest_route=\/wp\/v2\/media\/1108"}],"wp:attachment":[{"href":"https:\/\/aylu.es\/index.php?rest_route=%2Fwp%2Fv2%2Fmedia&parent=1106"}],"wp:term":[{"taxonomy":"category","embeddable":true,"href":"https:\/\/aylu.es\/index.php?rest_route=%2Fwp%2Fv2%2Fcategories&post=1106"},{"taxonomy":"post_tag","embeddable":true,"href":"https:\/\/aylu.es\/index.php?rest_route=%2Fwp%2Fv2%2Ftags&post=1106"}],"curies":[{"name":"wp","href":"https:\/\/api.w.org\/{rel}","templated":true}]}}