{"id":1117,"date":"2025-01-30T16:11:00","date_gmt":"2025-01-30T16:11:00","guid":{"rendered":"https:\/\/aylu.es\/?p=1117"},"modified":"2025-01-31T10:25:08","modified_gmt":"2025-01-31T10:25:08","slug":"i-fase-deporte-escolar-jcclm-cadete-e-infantil","status":"publish","type":"post","link":"https:\/\/aylu.es\/?p=1117","title":{"rendered":"I Fase Deporte Escolar JCCLM Cadete e Infantil  Y Super Copa Junior de Colmenar"},"content":{"rendered":"\n<p>Sobresaliente. Esto es lo que mejor describe la actuaci\u00f3n de los nuestros en la I Fase de Deporte Escolar de CLM que se ha celebrado el pasado fin de Semana en Guadalajara. <\/p>\n\n\n\n<p>Como sab\u00e9is, esta es la 1\u00aa de tres y es clasificatoria para la Fase Final Campeonato de Espa\u00f1a que se celebrar\u00e1 en Zaragoza a finales del mes de Abril. Hemos empezado muy bien y se nota el trabajo en el gimnasio y las salidas a las diferentes Copas de Espa\u00f1a en las que han participado.<\/p>\n\n\n\n<p>Ser\u00eda muy dif\u00edcil ir enumerando las actuaciones de cada uno de ellos de forma individual. Destacamos los Oros, con un buen trabajo tanto f\u00edsico como t\u00e9cnico, aunque deben seguir trabajando mucho en el aspecto psicol\u00f3gico para que se crean lo que son capaces de hacer.<\/p>\n\n\n\n<p>Tambi\u00e9n participaron en la categor\u00eda de Kata, un experimento que se hace por primera vez dentro del deporte escolar. Nuestras parejas lo hicieron fenomenal y les sirvi\u00f3 como experiencia para el Campeonato Regional que se celebrar\u00e1 en el mes de Junio.<\/p>\n\n\n\n<p><strong>CLASIFICACIONES INFANTILES<\/strong><\/p>\n\n\n\n<p>1\u00ba.- Lucas Pordomingo -38 kilos; 1\u00ba Alvaro Segovia y 5\u00ba Alvaro Agarrabeitia -46 kilos; 2\u00ba Daniel Hern\u00e1ndez, 55 kilos; 5\u00ba Rodrigo Sanz, 60 kilos; 3\u00aa Noa de la Fuente, 40 kilos; 1\u00aa Noelia Ioana Lupan, 63 kilos.<\/p>\n\n\n\n<p><strong>CLASIFICACIONES CADETES<\/strong><\/p>\n\n\n\n<p>1\u00ba Alex Pordomingo, 55 kilos; 5\u00ba Alberto Encijo, 60 kilos; 1\u00ba Rodrigo Vazquez, 73 Kilos; 2\u00aa Hiba Drioua, 44 kilos; 1\u00aa Nia Kizanishvili, 57 kilos.<\/p>\n\n\n\n<p>Po otro lado y el mismo fin de semana participaron en la Super Copa de Espa\u00f1a Junior de Colmenar tres representantes del Aylu.<\/p>\n\n\n\n<p>Carlos Encijo hizo una buena competicion, ganando el primer combate de forma solvente y perdi\u00f3 el segundo sin tener opci\u00f3n a repesca.<\/p>\n\n\n\n<p>Erick Yago, como siempre, pura energia y nervio, dio la cara en todo momento.  Al igual que Carlos, gan\u00f3 el primer combate y perdi\u00f3 el segundo sin opci\u00f3n a repesca.<\/p>\n\n\n\n<p>Noe Valero, en el peso probablemente m\u00e1s duro, 81 kilos, no tuvo opciones y perdi\u00f3 en el primer combate.<\/p>\n\n\n\n<p>Este fin de semana, estos tres m\u00e1s Alberto Encijo disputar\u00e1n el Campeonato Regional Junior en Albacete.<\/p>\n\n\n\n<figure class=\"wp-block-gallery has-nested-images columns-default is-cropped wp-block-gallery-1 is-layout-flex wp-block-gallery-is-layout-flex\">\n<figure class=\"wp-block-image size-large\"><img fetchpriority=\"high\" decoding=\"async\" width=\"960\" height=\"540\" data-id=\"1125\" src=\"https:\/\/aylu.es\/wp-content\/uploads\/2025\/01\/WhatsApp-Image-2025-01-30-at-19.07.11-960x540.jpeg\" alt=\"\" class=\"wp-image-1125\" srcset=\"https:\/\/aylu.es\/wp-content\/uploads\/2025\/01\/WhatsApp-Image-2025-01-30-at-19.07.11-960x540.jpeg 960w, https:\/\/aylu.es\/wp-content\/uploads\/2025\/01\/WhatsApp-Image-2025-01-30-at-19.07.11-300x169.jpeg 300w, https:\/\/aylu.es\/wp-content\/uploads\/2025\/01\/WhatsApp-Image-2025-01-30-at-19.07.11-768x432.jpeg 768w, https:\/\/aylu.es\/wp-content\/uploads\/2025\/01\/WhatsApp-Image-2025-01-30-at-19.07.11-1536x864.jpeg 1536w, https:\/\/aylu.es\/wp-content\/uploads\/2025\/01\/WhatsApp-Image-2025-01-30-at-19.07.11-816x459.jpeg 816w, https:\/\/aylu.es\/wp-content\/uploads\/2025\/01\/WhatsApp-Image-2025-01-30-at-19.07.11-1320x743.jpeg 1320w, https:\/\/aylu.es\/wp-content\/uploads\/2025\/01\/WhatsApp-Image-2025-01-30-at-19.07.11.jpeg 1600w\" sizes=\"(max-width: 960px) 100vw, 960px\" \/><\/figure>\n\n\n\n<figure class=\"wp-block-image size-large\"><img decoding=\"async\" width=\"960\" height=\"720\" data-id=\"1122\" src=\"https:\/\/aylu.es\/wp-content\/uploads\/2025\/01\/WhatsApp-Image-2025-01-25-at-14.18.42-960x720.jpeg\" alt=\"\" class=\"wp-image-1122\" srcset=\"https:\/\/aylu.es\/wp-content\/uploads\/2025\/01\/WhatsApp-Image-2025-01-25-at-14.18.42-960x720.jpeg 960w, https:\/\/aylu.es\/wp-content\/uploads\/2025\/01\/WhatsApp-Image-2025-01-25-at-14.18.42-300x225.jpeg 300w, https:\/\/aylu.es\/wp-content\/uploads\/2025\/01\/WhatsApp-Image-2025-01-25-at-14.18.42-768x576.jpeg 768w, https:\/\/aylu.es\/wp-content\/uploads\/2025\/01\/WhatsApp-Image-2025-01-25-at-14.18.42-1536x1152.jpeg 1536w, https:\/\/aylu.es\/wp-content\/uploads\/2025\/01\/WhatsApp-Image-2025-01-25-at-14.18.42-816x612.jpeg 816w, https:\/\/aylu.es\/wp-content\/uploads\/2025\/01\/WhatsApp-Image-2025-01-25-at-14.18.42-1320x990.jpeg 1320w, https:\/\/aylu.es\/wp-content\/uploads\/2025\/01\/WhatsApp-Image-2025-01-25-at-14.18.42.jpeg 1600w\" sizes=\"(max-width: 960px) 100vw, 960px\" \/><\/figure>\n\n\n\n<figure class=\"wp-block-image size-large\"><img decoding=\"async\" width=\"640\" height=\"960\" data-id=\"1121\" src=\"https:\/\/aylu.es\/wp-content\/uploads\/2025\/01\/WhatsApp-Image-2025-01-27-at-14.08.54-640x960.jpeg\" alt=\"\" class=\"wp-image-1121\" srcset=\"https:\/\/aylu.es\/wp-content\/uploads\/2025\/01\/WhatsApp-Image-2025-01-27-at-14.08.54-640x960.jpeg 640w, https:\/\/aylu.es\/wp-content\/uploads\/2025\/01\/WhatsApp-Image-2025-01-27-at-14.08.54-200x300.jpeg 200w, https:\/\/aylu.es\/wp-content\/uploads\/2025\/01\/WhatsApp-Image-2025-01-27-at-14.08.54-768x1152.jpeg 768w, https:\/\/aylu.es\/wp-content\/uploads\/2025\/01\/WhatsApp-Image-2025-01-27-at-14.08.54-1024x1536.jpeg 1024w, https:\/\/aylu.es\/wp-content\/uploads\/2025\/01\/WhatsApp-Image-2025-01-27-at-14.08.54-816x1224.jpeg 816w, https:\/\/aylu.es\/wp-content\/uploads\/2025\/01\/WhatsApp-Image-2025-01-27-at-14.08.54-1320x1980.jpeg 1320w, https:\/\/aylu.es\/wp-content\/uploads\/2025\/01\/WhatsApp-Image-2025-01-27-at-14.08.54.jpeg 1365w\" sizes=\"(max-width: 640px) 100vw, 640px\" \/><\/figure>\n\n\n\n<figure class=\"wp-block-image size-large\"><img loading=\"lazy\" decoding=\"async\" width=\"640\" height=\"960\" data-id=\"1120\" src=\"https:\/\/aylu.es\/wp-content\/uploads\/2025\/01\/WhatsApp-Image-2025-01-27-at-14.08.54-1-640x960.jpeg\" alt=\"\" class=\"wp-image-1120\" srcset=\"https:\/\/aylu.es\/wp-content\/uploads\/2025\/01\/WhatsApp-Image-2025-01-27-at-14.08.54-1-640x960.jpeg 640w, https:\/\/aylu.es\/wp-content\/uploads\/2025\/01\/WhatsApp-Image-2025-01-27-at-14.08.54-1-200x300.jpeg 200w, https:\/\/aylu.es\/wp-content\/uploads\/2025\/01\/WhatsApp-Image-2025-01-27-at-14.08.54-1-768x1152.jpeg 768w, https:\/\/aylu.es\/wp-content\/uploads\/2025\/01\/WhatsApp-Image-2025-01-27-at-14.08.54-1-1024x1536.jpeg 1024w, https:\/\/aylu.es\/wp-content\/uploads\/2025\/01\/WhatsApp-Image-2025-01-27-at-14.08.54-1-816x1224.jpeg 816w, https:\/\/aylu.es\/wp-content\/uploads\/2025\/01\/WhatsApp-Image-2025-01-27-at-14.08.54-1-1320x1980.jpeg 1320w, https:\/\/aylu.es\/wp-content\/uploads\/2025\/01\/WhatsApp-Image-2025-01-27-at-14.08.54-1.jpeg 1365w\" sizes=\"(max-width: 640px) 100vw, 640px\" \/><\/figure>\n\n\n\n<figure class=\"wp-block-image size-large\"><img loading=\"lazy\" decoding=\"async\" width=\"640\" height=\"960\" data-id=\"1119\" src=\"https:\/\/aylu.es\/wp-content\/uploads\/2025\/01\/WhatsApp-Image-2025-01-27-at-14.08.55-640x960.jpeg\" alt=\"\" class=\"wp-image-1119\" srcset=\"https:\/\/aylu.es\/wp-content\/uploads\/2025\/01\/WhatsApp-Image-2025-01-27-at-14.08.55-640x960.jpeg 640w, https:\/\/aylu.es\/wp-content\/uploads\/2025\/01\/WhatsApp-Image-2025-01-27-at-14.08.55-200x300.jpeg 200w, https:\/\/aylu.es\/wp-content\/uploads\/2025\/01\/WhatsApp-Image-2025-01-27-at-14.08.55-768x1152.jpeg 768w, https:\/\/aylu.es\/wp-content\/uploads\/2025\/01\/WhatsApp-Image-2025-01-27-at-14.08.55-1024x1536.jpeg 1024w, https:\/\/aylu.es\/wp-content\/uploads\/2025\/01\/WhatsApp-Image-2025-01-27-at-14.08.55-816x1224.jpeg 816w, https:\/\/aylu.es\/wp-content\/uploads\/2025\/01\/WhatsApp-Image-2025-01-27-at-14.08.55-1320x1980.jpeg 1320w, https:\/\/aylu.es\/wp-content\/uploads\/2025\/01\/WhatsApp-Image-2025-01-27-at-14.08.55.jpeg 1365w\" sizes=\"(max-width: 640px) 100vw, 640px\" \/><\/figure>\n\n\n\n<figure class=\"wp-block-image size-large\"><img loading=\"lazy\" decoding=\"async\" width=\"640\" height=\"960\" data-id=\"1118\" src=\"https:\/\/aylu.es\/wp-content\/uploads\/2025\/01\/WhatsApp-Image-2025-01-27-at-14.08.55-1-640x960.jpeg\" alt=\"\" class=\"wp-image-1118\" srcset=\"https:\/\/aylu.es\/wp-content\/uploads\/2025\/01\/WhatsApp-Image-2025-01-27-at-14.08.55-1-640x960.jpeg 640w, https:\/\/aylu.es\/wp-content\/uploads\/2025\/01\/WhatsApp-Image-2025-01-27-at-14.08.55-1-200x300.jpeg 200w, https:\/\/aylu.es\/wp-content\/uploads\/2025\/01\/WhatsApp-Image-2025-01-27-at-14.08.55-1-768x1152.jpeg 768w, https:\/\/aylu.es\/wp-content\/uploads\/2025\/01\/WhatsApp-Image-2025-01-27-at-14.08.55-1-1024x1536.jpeg 1024w, https:\/\/aylu.es\/wp-content\/uploads\/2025\/01\/WhatsApp-Image-2025-01-27-at-14.08.55-1-816x1224.jpeg 816w, https:\/\/aylu.es\/wp-content\/uploads\/2025\/01\/WhatsApp-Image-2025-01-27-at-14.08.55-1-1320x1980.jpeg 1320w, https:\/\/aylu.es\/wp-content\/uploads\/2025\/01\/WhatsApp-Image-2025-01-27-at-14.08.55-1.jpeg 1365w\" sizes=\"(max-width: 640px) 100vw, 640px\" \/><\/figure>\n<\/figure>\n","protected":false},"excerpt":{"rendered":"<p>Sobresaliente. Esto es lo que mejor describe la actuaci\u00f3n de los nuestros en la I Fase de Deporte Escolar de CLM que se ha celebrado el pasado fin de Semana en Guadalajara. Como sab\u00e9is, esta es la 1\u00aa de tres y es clasificatoria para la Fase Final Campeonato de Espa\u00f1a que se celebrar\u00e1 en Zaragoza [&hellip;]<\/p>\n","protected":false},"author":1,"featured_media":1122,"comment_status":"open","ping_status":"open","sticky":false,"template":"","format":"standard","meta":{"footnotes":""},"categories":[22,2],"tags":[32,58,37,34,36,13,53,33],"class_list":["post-1117","post","type-post","status-publish","format-standard","has-post-thumbnail","hentry","category-competiciones","category-noticias","tag-aylu","tag-aylu-guadalajara","tag-deporte-escolar","tag-gimnasio-aylu","tag-guadalajara","tag-judo","tag-judo-aylu","tag-judo-guadalajara"],"_links":{"self":[{"href":"https:\/\/aylu.es\/index.php?rest_route=\/wp\/v2\/posts\/1117","targetHints":{"allow":["GET"]}}],"collection":[{"href":"https:\/\/aylu.es\/index.php?rest_route=\/wp\/v2\/posts"}],"about":[{"href":"https:\/\/aylu.es\/index.php?rest_route=\/wp\/v2\/types\/post"}],"author":[{"embeddable":true,"href":"https:\/\/aylu.es\/index.php?rest_route=\/wp\/v2\/users\/1"}],"replies":[{"embeddable":true,"href":"https:\/\/aylu.es\/index.php?rest_route=%2Fwp%2Fv2%2Fcomments&post=1117"}],"version-history":[{"count":2,"href":"https:\/\/aylu.es\/index.php?rest_route=\/wp\/v2\/posts\/1117\/revisions"}],"predecessor-version":[{"id":1126,"href":"https:\/\/aylu.es\/index.php?rest_route=\/wp\/v2\/posts\/1117\/revisions\/1126"}],"wp:featuredmedia":[{"embeddable":true,"href":"https:\/\/aylu.es\/index.php?rest_route=\/wp\/v2\/media\/1122"}],"wp:attachment":[{"href":"https:\/\/aylu.es\/index.php?rest_route=%2Fwp%2Fv2%2Fmedia&parent=1117"}],"wp:term":[{"taxonomy":"category","embeddable":true,"href":"https:\/\/aylu.es\/index.php?rest_route=%2Fwp%2Fv2%2Fcategories&post=1117"},{"taxonomy":"post_tag","embeddable":true,"href":"https:\/\/aylu.es\/index.php?rest_route=%2Fwp%2Fv2%2Ftags&post=1117"}],"curies":[{"name":"wp","href":"https:\/\/api.w.org\/{rel}","templated":true}]}}