{"id":1127,"date":"2025-02-03T15:01:21","date_gmt":"2025-02-03T15:01:21","guid":{"rendered":"https:\/\/aylu.es\/?p=1127"},"modified":"2025-02-03T15:24:32","modified_gmt":"2025-02-03T15:24:32","slug":"campeonato-regional-junior-en-albacete","status":"publish","type":"post","link":"https:\/\/aylu.es\/?p=1127","title":{"rendered":"Campeonato Regional Junior en Albacete"},"content":{"rendered":"\n<p>No paramos!!!!! Otro fin de semana con la maletas y a otro campeonato. En este caso el Campeonato de Castilla la Mancha para la categor\u00eda Junior que se ha celebrado en Albacete el pasado fin de semana.<\/p>\n\n\n\n<p>4 gladiadores defend\u00edan los intereses del Aylu en una categor\u00eda muy dif\u00edcil y concurrida. De hecho, muchos de los medallistas son tambi\u00e9n medallistas en la categor\u00eda Senior.<\/p>\n\n\n\n<p>En la categor\u00eda de los m\u00e1s ligeros, 60 kilos, ten\u00edamos a Alberto y Carlos Encijo. Alberto, que es cadete, ten\u00eda que tomarse esta competici\u00f3n como una experiencia. Simplemente hacer combates y aprender. Al final 5\u00ba Clasificado. Carlos Encijo lo hizo muy bien. El 3\u00ba se nos antoja un poco escaso pero hizo una excelente competici\u00f3n. En los dos primeros combates hizo dos soberbios barridos que le sirvieron para vencer por ippon con gran autoridad. Los siguientes combates fueron m\u00e1s dif\u00edciles y al final, el tercer puesto no debemos considerarlo como un fracaso.<\/p>\n\n\n\n<p>En 66 kilos, Erick Yago, luchador donde los haya y una caja de sorpresas, hizo lo que en \u00e9l es habitual. Una de cal y otra de arena. Gana combates incre\u00edbles con una solvencia brutal y poco despu\u00e9s, pierde otro de forma inesperada. 3\u00ba es un buen resultado.<\/p>\n\n\n\n<p>81 kilos es tal vez la categor\u00eda mas dura, con los competidores m\u00e1s fuertes y m\u00e1s experimentados. Aqu\u00ed nos representaba Noe Valero. Judoka muy fuerte pero que en cuanto tenga un poco m\u00e1s de experiencia ser\u00e1 candidato a medallas sin duda. En el primer combate tuvo a Zarco, a la postre campe\u00f3n, en las cuerdas m\u00e1s de una vez. Tambi\u00e9n la medalla de bronce, viendo el nivel de la categor\u00eda, es muy bueno.<\/p>\n\n\n\n<p><strong>RESULTADOS<\/strong><\/p>\n\n\n\n<p>3\u00ba Carlos Encijo; 5\u00ba Alberto Encijo; 3\u00ba Erick Yago; 3\u00ba Noe Valero<\/p>\n\n\n\n<figure class=\"wp-block-gallery has-nested-images columns-default is-cropped wp-block-gallery-1 is-layout-flex wp-block-gallery-is-layout-flex\">\n<figure class=\"wp-block-image size-large\"><img fetchpriority=\"high\" decoding=\"async\" width=\"960\" height=\"720\" data-id=\"1129\" src=\"https:\/\/aylu.es\/wp-content\/uploads\/2025\/02\/WhatsApp-Image-2025-02-01-at-16.30.47-1-960x720.jpeg\" alt=\"\" class=\"wp-image-1129\" srcset=\"https:\/\/aylu.es\/wp-content\/uploads\/2025\/02\/WhatsApp-Image-2025-02-01-at-16.30.47-1-960x720.jpeg 960w, https:\/\/aylu.es\/wp-content\/uploads\/2025\/02\/WhatsApp-Image-2025-02-01-at-16.30.47-1-300x225.jpeg 300w, https:\/\/aylu.es\/wp-content\/uploads\/2025\/02\/WhatsApp-Image-2025-02-01-at-16.30.47-1-768x576.jpeg 768w, https:\/\/aylu.es\/wp-content\/uploads\/2025\/02\/WhatsApp-Image-2025-02-01-at-16.30.47-1-1536x1152.jpeg 1536w, https:\/\/aylu.es\/wp-content\/uploads\/2025\/02\/WhatsApp-Image-2025-02-01-at-16.30.47-1-816x612.jpeg 816w, https:\/\/aylu.es\/wp-content\/uploads\/2025\/02\/WhatsApp-Image-2025-02-01-at-16.30.47-1-1320x990.jpeg 1320w, https:\/\/aylu.es\/wp-content\/uploads\/2025\/02\/WhatsApp-Image-2025-02-01-at-16.30.47-1.jpeg 1600w\" sizes=\"(max-width: 960px) 100vw, 960px\" \/><\/figure>\n\n\n\n<figure class=\"wp-block-image size-large\"><img decoding=\"async\" width=\"960\" height=\"720\" data-id=\"1130\" src=\"https:\/\/aylu.es\/wp-content\/uploads\/2025\/02\/WhatsApp-Image-2025-02-01-at-16.30.47-960x720.jpeg\" alt=\"\" class=\"wp-image-1130\" srcset=\"https:\/\/aylu.es\/wp-content\/uploads\/2025\/02\/WhatsApp-Image-2025-02-01-at-16.30.47-960x720.jpeg 960w, https:\/\/aylu.es\/wp-content\/uploads\/2025\/02\/WhatsApp-Image-2025-02-01-at-16.30.47-300x225.jpeg 300w, https:\/\/aylu.es\/wp-content\/uploads\/2025\/02\/WhatsApp-Image-2025-02-01-at-16.30.47-768x576.jpeg 768w, https:\/\/aylu.es\/wp-content\/uploads\/2025\/02\/WhatsApp-Image-2025-02-01-at-16.30.47-1536x1152.jpeg 1536w, https:\/\/aylu.es\/wp-content\/uploads\/2025\/02\/WhatsApp-Image-2025-02-01-at-16.30.47-816x612.jpeg 816w, https:\/\/aylu.es\/wp-content\/uploads\/2025\/02\/WhatsApp-Image-2025-02-01-at-16.30.47-1320x990.jpeg 1320w, https:\/\/aylu.es\/wp-content\/uploads\/2025\/02\/WhatsApp-Image-2025-02-01-at-16.30.47.jpeg 1600w\" sizes=\"(max-width: 960px) 100vw, 960px\" \/><\/figure>\n\n\n\n<figure class=\"wp-block-image size-large\"><img decoding=\"async\" width=\"960\" height=\"644\" data-id=\"1128\" src=\"https:\/\/aylu.es\/wp-content\/uploads\/2025\/02\/WhatsApp-Image-2025-02-02-at-08.40.40-960x644.jpeg\" alt=\"\" class=\"wp-image-1128\" srcset=\"https:\/\/aylu.es\/wp-content\/uploads\/2025\/02\/WhatsApp-Image-2025-02-02-at-08.40.40-960x644.jpeg 960w, https:\/\/aylu.es\/wp-content\/uploads\/2025\/02\/WhatsApp-Image-2025-02-02-at-08.40.40-300x201.jpeg 300w, https:\/\/aylu.es\/wp-content\/uploads\/2025\/02\/WhatsApp-Image-2025-02-02-at-08.40.40-768x515.jpeg 768w, https:\/\/aylu.es\/wp-content\/uploads\/2025\/02\/WhatsApp-Image-2025-02-02-at-08.40.40-816x547.jpeg 816w, https:\/\/aylu.es\/wp-content\/uploads\/2025\/02\/WhatsApp-Image-2025-02-02-at-08.40.40.jpeg 1321w\" sizes=\"(max-width: 960px) 100vw, 960px\" \/><\/figure>\n\n\n\n<figure class=\"wp-block-image size-large\"><img loading=\"lazy\" decoding=\"async\" width=\"960\" height=\"761\" data-id=\"1131\" src=\"https:\/\/aylu.es\/wp-content\/uploads\/2025\/02\/WhatsApp-Image-2025-02-03-at-12.22.03-960x761.jpeg\" alt=\"\" class=\"wp-image-1131\" srcset=\"https:\/\/aylu.es\/wp-content\/uploads\/2025\/02\/WhatsApp-Image-2025-02-03-at-12.22.03-960x761.jpeg 960w, https:\/\/aylu.es\/wp-content\/uploads\/2025\/02\/WhatsApp-Image-2025-02-03-at-12.22.03-300x238.jpeg 300w, https:\/\/aylu.es\/wp-content\/uploads\/2025\/02\/WhatsApp-Image-2025-02-03-at-12.22.03-768x609.jpeg 768w, https:\/\/aylu.es\/wp-content\/uploads\/2025\/02\/WhatsApp-Image-2025-02-03-at-12.22.03-1536x1218.jpeg 1536w, https:\/\/aylu.es\/wp-content\/uploads\/2025\/02\/WhatsApp-Image-2025-02-03-at-12.22.03-2048x1624.jpeg 2048w, https:\/\/aylu.es\/wp-content\/uploads\/2025\/02\/WhatsApp-Image-2025-02-03-at-12.22.03-816x647.jpeg 816w, https:\/\/aylu.es\/wp-content\/uploads\/2025\/02\/WhatsApp-Image-2025-02-03-at-12.22.03-1320x1047.jpeg 1320w\" sizes=\"(max-width: 960px) 100vw, 960px\" \/><\/figure>\n<\/figure>\n","protected":false},"excerpt":{"rendered":"<p>No paramos!!!!! Otro fin de semana con la maletas y a otro campeonato. En este caso el Campeonato de Castilla la Mancha para la categor\u00eda Junior que se ha celebrado en Albacete el pasado fin de semana. 4 gladiadores defend\u00edan los intereses del Aylu en una categor\u00eda muy dif\u00edcil y concurrida. De hecho, muchos de [&hellip;]<\/p>\n","protected":false},"author":1,"featured_media":1131,"comment_status":"open","ping_status":"open","sticky":false,"template":"","format":"standard","meta":{"footnotes":""},"categories":[22,2],"tags":[58,34,36,13,53,33,66],"class_list":["post-1127","post","type-post","status-publish","format-standard","has-post-thumbnail","hentry","category-competiciones","category-noticias","tag-aylu-guadalajara","tag-gimnasio-aylu","tag-guadalajara","tag-judo","tag-judo-aylu","tag-judo-guadalajara","tag-sector-sur-juniur"],"_links":{"self":[{"href":"https:\/\/aylu.es\/index.php?rest_route=\/wp\/v2\/posts\/1127","targetHints":{"allow":["GET"]}}],"collection":[{"href":"https:\/\/aylu.es\/index.php?rest_route=\/wp\/v2\/posts"}],"about":[{"href":"https:\/\/aylu.es\/index.php?rest_route=\/wp\/v2\/types\/post"}],"author":[{"embeddable":true,"href":"https:\/\/aylu.es\/index.php?rest_route=\/wp\/v2\/users\/1"}],"replies":[{"embeddable":true,"href":"https:\/\/aylu.es\/index.php?rest_route=%2Fwp%2Fv2%2Fcomments&post=1127"}],"version-history":[{"count":3,"href":"https:\/\/aylu.es\/index.php?rest_route=\/wp\/v2\/posts\/1127\/revisions"}],"predecessor-version":[{"id":1135,"href":"https:\/\/aylu.es\/index.php?rest_route=\/wp\/v2\/posts\/1127\/revisions\/1135"}],"wp:featuredmedia":[{"embeddable":true,"href":"https:\/\/aylu.es\/index.php?rest_route=\/wp\/v2\/media\/1131"}],"wp:attachment":[{"href":"https:\/\/aylu.es\/index.php?rest_route=%2Fwp%2Fv2%2Fmedia&parent=1127"}],"wp:term":[{"taxonomy":"category","embeddable":true,"href":"https:\/\/aylu.es\/index.php?rest_route=%2Fwp%2Fv2%2Fcategories&post=1127"},{"taxonomy":"post_tag","embeddable":true,"href":"https:\/\/aylu.es\/index.php?rest_route=%2Fwp%2Fv2%2Ftags&post=1127"}],"curies":[{"name":"wp","href":"https:\/\/api.w.org\/{rel}","templated":true}]}}