{"id":1137,"date":"2025-03-02T08:46:05","date_gmt":"2025-03-02T08:46:05","guid":{"rendered":"https:\/\/aylu.es\/?p=1137"},"modified":"2025-03-02T08:46:06","modified_gmt":"2025-03-02T08:46:06","slug":"ii-fase-deporte-escolar-cadete-e-infantil-2025-en-casas-ibanez","status":"publish","type":"post","link":"https:\/\/aylu.es\/?p=1137","title":{"rendered":"II Fase Deporte Escolar Cadete e Infantil 2025 en Casas Iba\u00f1ez"},"content":{"rendered":"\n<h2 class=\"wp-block-heading has-accent-color has-text-color has-link-color wp-elements-74095754f0211fc27d90fef12ca8a3cd\"><em>11 medallas para los nuestros en esta segunda Fase que deja las cosas muy claras en algunas categor\u00edas<\/em><\/h2>\n\n\n\n<p>Tras la primera fase celebrada en Guadalajara, era muy dif\u00edcil igualar los resultados que se obtuvieron. Ten\u00edamos muchas posibilidades pero las competiciones de judo son impredecibles y unos que no lo esper\u00e1bamos se subieron al escal\u00f3n m\u00e1s alto, y otros, que eran un valor segura, tuvieron un peque\u00f1o tropiezo.<\/p>\n\n\n\n<figure class=\"wp-block-image size-large\"><img fetchpriority=\"high\" decoding=\"async\" width=\"960\" height=\"720\" src=\"https:\/\/aylu.es\/wp-content\/uploads\/2025\/03\/WhatsApp-Image-2025-03-02-at-09.43.04-960x720.jpeg\" alt=\"\" class=\"wp-image-1140\" srcset=\"https:\/\/aylu.es\/wp-content\/uploads\/2025\/03\/WhatsApp-Image-2025-03-02-at-09.43.04-960x720.jpeg 960w, https:\/\/aylu.es\/wp-content\/uploads\/2025\/03\/WhatsApp-Image-2025-03-02-at-09.43.04-300x225.jpeg 300w, https:\/\/aylu.es\/wp-content\/uploads\/2025\/03\/WhatsApp-Image-2025-03-02-at-09.43.04-768x576.jpeg 768w, https:\/\/aylu.es\/wp-content\/uploads\/2025\/03\/WhatsApp-Image-2025-03-02-at-09.43.04-1536x1152.jpeg 1536w, https:\/\/aylu.es\/wp-content\/uploads\/2025\/03\/WhatsApp-Image-2025-03-02-at-09.43.04-816x612.jpeg 816w, https:\/\/aylu.es\/wp-content\/uploads\/2025\/03\/WhatsApp-Image-2025-03-02-at-09.43.04-1320x990.jpeg 1320w, https:\/\/aylu.es\/wp-content\/uploads\/2025\/03\/WhatsApp-Image-2025-03-02-at-09.43.04.jpeg 1600w\" sizes=\"(max-width: 960px) 100vw, 960px\" \/><\/figure>\n\n\n\n<p>INFANTILES<\/p>\n\n\n\n<p>Lucas Pordomingo, ORO en 38 kilos. Un valor seguro, pero si se tomara tan en serio los entrenamientos como se toma las competiciones, seguro que le saldr\u00edan mejor las cosas.<\/p>\n\n\n\n<p>Los Alvaros&#8230; Segovia y Agarrabeitia, ORO y PLATA, los reyes de 46 kilos. Hoy por hoy sin rivales. El trabajo da sus frutos y sus combates fueron un recital de judo<\/p>\n\n\n\n<p>Daniel Hern\u00e1ndez, ORO en 55 kg. Poco a poco va entrando en la competici\u00f3n. Le salieron las cosas muy bien y esto oro le debe dar alas para seguir motivado y entrenando fuerte.<\/p>\n\n\n\n<p>Rodrigo Sanz, Quinto en 60 kilos. Rodri va pasito a pasito. Esta es su segunda competici\u00f3n seria y est\u00e1 en una categor\u00eda muy dura. Va mejorando y le falta experiencia&#8230; pero para eso hay que seguir compitiendo.<\/p>\n\n\n\n<figure class=\"wp-block-image size-large\"><img decoding=\"async\" width=\"960\" height=\"720\" src=\"https:\/\/aylu.es\/wp-content\/uploads\/2025\/03\/WhatsApp-Image-2025-03-02-at-09.43.04-1-960x720.jpeg\" alt=\"\" class=\"wp-image-1139\" srcset=\"https:\/\/aylu.es\/wp-content\/uploads\/2025\/03\/WhatsApp-Image-2025-03-02-at-09.43.04-1-960x720.jpeg 960w, https:\/\/aylu.es\/wp-content\/uploads\/2025\/03\/WhatsApp-Image-2025-03-02-at-09.43.04-1-300x225.jpeg 300w, https:\/\/aylu.es\/wp-content\/uploads\/2025\/03\/WhatsApp-Image-2025-03-02-at-09.43.04-1-768x576.jpeg 768w, https:\/\/aylu.es\/wp-content\/uploads\/2025\/03\/WhatsApp-Image-2025-03-02-at-09.43.04-1-1536x1152.jpeg 1536w, https:\/\/aylu.es\/wp-content\/uploads\/2025\/03\/WhatsApp-Image-2025-03-02-at-09.43.04-1-816x612.jpeg 816w, https:\/\/aylu.es\/wp-content\/uploads\/2025\/03\/WhatsApp-Image-2025-03-02-at-09.43.04-1-1320x990.jpeg 1320w, https:\/\/aylu.es\/wp-content\/uploads\/2025\/03\/WhatsApp-Image-2025-03-02-at-09.43.04-1.jpeg 1600w\" sizes=\"(max-width: 960px) 100vw, 960px\" \/><\/figure>\n\n\n\n<p>Noa de la Fuente, BRONCE en 40 kilos. Es su primer a\u00f1o de infantil y sus rivales ya tienen mucha experiencia. Tiene futuro y solo le falta un poco de experiencia y ponerse un poquito m\u00e1s fuerte.<\/p>\n\n\n\n<p>Noelia Lupan, ORO en 63 kilos. Noelia est\u00e1 muy fuerte, entrena con ganas, pero al ser el enemigo a batir, todo el mundo la conoce y sabe lo que hace. Tiene que cambiar un poco el chip y modificar algunas cosas pero es un valor seguro.<\/p>\n\n\n\n<p>CADETES<\/p>\n\n\n\n<p>Alex Pordomingo, ORO en 55 kilos. Buena competici\u00f3n de Alex. Serio, comprometido, pero tiene que centrarse un poco m\u00e1s y ser m\u00e1s constante en los entrenamientos. <\/p>\n\n\n\n<p>Alberto Encijo, BRONCE en 60 kilos. Mucha tela que cortar en esta categor\u00eda. Alberto est\u00e1 fuerte pero tiene que centrase. No hay que experimentar en las competiciones. Hay que hacer lo que nos sale bien. Todo llegar\u00e1 para Alberto.<\/p>\n\n\n\n<p>Rodrigo Vazquez, BRONCE en 73 kilos. Su sitio es el oro, pero el combate que perdi\u00f3 en el pase a la final seguro que le motiva y en el pr\u00f3ximo enfrentamiento seguro que las tornas cambian. Cerr\u00f3 su competici\u00f3n con el Ippon m\u00e1s espectacular de toda la ma\u00f1ana.<\/p>\n\n\n\n<figure class=\"wp-block-image size-full\"><img decoding=\"async\" width=\"596\" height=\"510\" src=\"https:\/\/aylu.es\/wp-content\/uploads\/2025\/03\/WhatsApp-Image-2025-03-01-at-18.46.16.jpeg\" alt=\"\" class=\"wp-image-1138\" srcset=\"https:\/\/aylu.es\/wp-content\/uploads\/2025\/03\/WhatsApp-Image-2025-03-01-at-18.46.16.jpeg 596w, https:\/\/aylu.es\/wp-content\/uploads\/2025\/03\/WhatsApp-Image-2025-03-01-at-18.46.16-300x257.jpeg 300w\" sizes=\"(max-width: 596px) 100vw, 596px\" \/><\/figure>\n\n\n\n<p>Nia Kizanishvili, ORO en 57 kilos. Es la mejor de la categor\u00eda, pero un despiste en el segundo combate le hizo pasar un mal rato. Al final, tras en el tercer combate dej\u00f3 las cosas claras,  pero la lecci\u00f3n aprendida le tiene que servir de mucho.<\/p>\n\n\n\n<p>Hiba Drioua, PLATA en 44 kilos. Todo pundonor y ganas de hacerlo bien, pero tiene una rival muy dura y con mucha experiencia. La victoria llegar\u00e1 en breve. Solo tiene que seguir haciendo lo que hace y en sus manos estar\u00e1.<\/p>\n\n\n\n<p>Buena cosecha de medallas y grandes expectativas para la tercera Fase en la que se decide el equipo que ir\u00e1 a la Fase Final que se celebrar\u00e1 a finales de abril en Zaragoza.<\/p>\n","protected":false},"excerpt":{"rendered":"<p>11 medallas para los nuestros en esta segunda Fase que deja las cosas muy claras en algunas categor\u00edas Tras la primera fase celebrada en Guadalajara, era muy dif\u00edcil igualar los resultados que se obtuvieron. Ten\u00edamos muchas posibilidades pero las competiciones de judo son impredecibles y unos que no lo esper\u00e1bamos se subieron al escal\u00f3n m\u00e1s [&hellip;]<\/p>\n","protected":false},"author":1,"featured_media":1139,"comment_status":"open","ping_status":"open","sticky":false,"template":"","format":"standard","meta":{"footnotes":""},"categories":[22,2],"tags":[32,58,34,13,53,33],"class_list":["post-1137","post","type-post","status-publish","format-standard","has-post-thumbnail","hentry","category-competiciones","category-noticias","tag-aylu","tag-aylu-guadalajara","tag-gimnasio-aylu","tag-judo","tag-judo-aylu","tag-judo-guadalajara"],"_links":{"self":[{"href":"https:\/\/aylu.es\/index.php?rest_route=\/wp\/v2\/posts\/1137","targetHints":{"allow":["GET"]}}],"collection":[{"href":"https:\/\/aylu.es\/index.php?rest_route=\/wp\/v2\/posts"}],"about":[{"href":"https:\/\/aylu.es\/index.php?rest_route=\/wp\/v2\/types\/post"}],"author":[{"embeddable":true,"href":"https:\/\/aylu.es\/index.php?rest_route=\/wp\/v2\/users\/1"}],"replies":[{"embeddable":true,"href":"https:\/\/aylu.es\/index.php?rest_route=%2Fwp%2Fv2%2Fcomments&post=1137"}],"version-history":[{"count":1,"href":"https:\/\/aylu.es\/index.php?rest_route=\/wp\/v2\/posts\/1137\/revisions"}],"predecessor-version":[{"id":1141,"href":"https:\/\/aylu.es\/index.php?rest_route=\/wp\/v2\/posts\/1137\/revisions\/1141"}],"wp:featuredmedia":[{"embeddable":true,"href":"https:\/\/aylu.es\/index.php?rest_route=\/wp\/v2\/media\/1139"}],"wp:attachment":[{"href":"https:\/\/aylu.es\/index.php?rest_route=%2Fwp%2Fv2%2Fmedia&parent=1137"}],"wp:term":[{"taxonomy":"category","embeddable":true,"href":"https:\/\/aylu.es\/index.php?rest_route=%2Fwp%2Fv2%2Fcategories&post=1137"},{"taxonomy":"post_tag","embeddable":true,"href":"https:\/\/aylu.es\/index.php?rest_route=%2Fwp%2Fv2%2Ftags&post=1137"}],"curies":[{"name":"wp","href":"https:\/\/api.w.org\/{rel}","templated":true}]}}