{"id":1172,"date":"2025-07-22T15:33:24","date_gmt":"2025-07-22T15:33:24","guid":{"rendered":"https:\/\/aylu.es\/?p=1172"},"modified":"2025-07-22T15:33:26","modified_gmt":"2025-07-22T15:33:26","slug":"nuevos-cinturones-negros-para-la-escuela-de-judo-aylu","status":"publish","type":"post","link":"https:\/\/aylu.es\/?p=1172","title":{"rendered":"Nuevos cinturones negros para la Escuela de Judo Aylu"},"content":{"rendered":"\n<p>Has sido muchas horas trabajo regadas con alguna que otra l\u00e1grima. Entrenamientos en los que se ha llegado al borde de pensar \u00ab&#8230; ya no puedo m\u00e1s&#8230;\u00bb . Pero ha merecido la pena.<\/p>\n\n\n\n<p>Julia Coleman, todo voluntad y sacrificio, sac\u00f3 adelante un examen que fue la envidia de muchos. Carlos Encijo, pundonor y fuerza, supo canalizarlo para hacer un buen examen tambi\u00e9n. Rodrigo V\u00e1zquez, despu\u00e9s de una buena temporada de competici\u00f3n y superando los nervios hizo un buen examen. Los tres aprobaron el Cintur\u00f3n Negro 1\u00ba Dan.<\/p>\n\n\n\n<figure class=\"wp-block-image size-large\"><img fetchpriority=\"high\" decoding=\"async\" width=\"960\" height=\"721\" src=\"https:\/\/aylu.es\/wp-content\/uploads\/2025\/07\/Imagen-de-WhatsApp-2025-06-28-a-las-15.37.05_deecc2ed-960x721.jpg\" alt=\"\" class=\"wp-image-1173\" srcset=\"https:\/\/aylu.es\/wp-content\/uploads\/2025\/07\/Imagen-de-WhatsApp-2025-06-28-a-las-15.37.05_deecc2ed-960x721.jpg 960w, https:\/\/aylu.es\/wp-content\/uploads\/2025\/07\/Imagen-de-WhatsApp-2025-06-28-a-las-15.37.05_deecc2ed-300x225.jpg 300w, https:\/\/aylu.es\/wp-content\/uploads\/2025\/07\/Imagen-de-WhatsApp-2025-06-28-a-las-15.37.05_deecc2ed-768x576.jpg 768w, https:\/\/aylu.es\/wp-content\/uploads\/2025\/07\/Imagen-de-WhatsApp-2025-06-28-a-las-15.37.05_deecc2ed-1536x1153.jpg 1536w, https:\/\/aylu.es\/wp-content\/uploads\/2025\/07\/Imagen-de-WhatsApp-2025-06-28-a-las-15.37.05_deecc2ed-816x613.jpg 816w, https:\/\/aylu.es\/wp-content\/uploads\/2025\/07\/Imagen-de-WhatsApp-2025-06-28-a-las-15.37.05_deecc2ed.jpg 1600w\" sizes=\"(max-width: 960px) 100vw, 960px\" \/><\/figure>\n\n\n\n<p>Por otra parte, para cintur\u00f3n Negro 2\u00ba Dan, el Aylu presentaba cuatro candidatos. Javi Murado, a pesar de sus lesiones que le impidieron preparar bien el examen, lo hizo muy bien. De Erick Yago y de Oscar Sanz, poco hay que decir, son unos currantes del tatami y siempre est\u00e1n ah\u00ed para todo. Ambos ex\u00e1menes para enmarcar. Por \u00faltimo Aitor Fierres. Un autentico pensador del Judo. Sus ideas y preguntas le sirven para entender el judo como el mejor. 4 de 4, \u00e9xito total.<\/p>\n\n\n\n<p>Menci\u00f3n especial merece Alvaro Segovia. Muy j\u00f3ven y trabajando de Uke con todos los candidatos, tiene gran merito. A falta de una semana se uni\u00f3 al grupo por distintas circunstancias y fue compa\u00f1ero de examen de alguno de ellos. Tiene mucho adelantado para cuando le toque a \u00e9l.<\/p>\n\n\n\n<figure class=\"wp-block-image size-large\"><img decoding=\"async\" width=\"960\" height=\"721\" src=\"https:\/\/aylu.es\/wp-content\/uploads\/2025\/07\/Imagen-de-WhatsApp-2025-06-28-a-las-15.37.03_b7a6cf93-960x721.jpg\" alt=\"\" class=\"wp-image-1174\" srcset=\"https:\/\/aylu.es\/wp-content\/uploads\/2025\/07\/Imagen-de-WhatsApp-2025-06-28-a-las-15.37.03_b7a6cf93-960x721.jpg 960w, https:\/\/aylu.es\/wp-content\/uploads\/2025\/07\/Imagen-de-WhatsApp-2025-06-28-a-las-15.37.03_b7a6cf93-300x225.jpg 300w, https:\/\/aylu.es\/wp-content\/uploads\/2025\/07\/Imagen-de-WhatsApp-2025-06-28-a-las-15.37.03_b7a6cf93-768x576.jpg 768w, https:\/\/aylu.es\/wp-content\/uploads\/2025\/07\/Imagen-de-WhatsApp-2025-06-28-a-las-15.37.03_b7a6cf93-1536x1153.jpg 1536w, https:\/\/aylu.es\/wp-content\/uploads\/2025\/07\/Imagen-de-WhatsApp-2025-06-28-a-las-15.37.03_b7a6cf93-816x613.jpg 816w, https:\/\/aylu.es\/wp-content\/uploads\/2025\/07\/Imagen-de-WhatsApp-2025-06-28-a-las-15.37.03_b7a6cf93.jpg 1600w\" sizes=\"(max-width: 960px) 100vw, 960px\" \/><\/figure>\n","protected":false},"excerpt":{"rendered":"<p>Has sido muchas horas trabajo regadas con alguna que otra l\u00e1grima. Entrenamientos en los que se ha llegado al borde de pensar \u00ab&#8230; ya no puedo m\u00e1s&#8230;\u00bb . Pero ha merecido la pena. Julia Coleman, todo voluntad y sacrificio, sac\u00f3 adelante un examen que fue la envidia de muchos. Carlos Encijo, pundonor y fuerza, supo [&hellip;]<\/p>\n","protected":false},"author":3,"featured_media":1174,"comment_status":"open","ping_status":"open","sticky":false,"template":"","format":"standard","meta":{"footnotes":""},"categories":[2],"tags":[32,13,53,33],"class_list":["post-1172","post","type-post","status-publish","format-standard","has-post-thumbnail","hentry","category-noticias","tag-aylu","tag-judo","tag-judo-aylu","tag-judo-guadalajara"],"_links":{"self":[{"href":"https:\/\/aylu.es\/index.php?rest_route=\/wp\/v2\/posts\/1172","targetHints":{"allow":["GET"]}}],"collection":[{"href":"https:\/\/aylu.es\/index.php?rest_route=\/wp\/v2\/posts"}],"about":[{"href":"https:\/\/aylu.es\/index.php?rest_route=\/wp\/v2\/types\/post"}],"author":[{"embeddable":true,"href":"https:\/\/aylu.es\/index.php?rest_route=\/wp\/v2\/users\/3"}],"replies":[{"embeddable":true,"href":"https:\/\/aylu.es\/index.php?rest_route=%2Fwp%2Fv2%2Fcomments&post=1172"}],"version-history":[{"count":1,"href":"https:\/\/aylu.es\/index.php?rest_route=\/wp\/v2\/posts\/1172\/revisions"}],"predecessor-version":[{"id":1175,"href":"https:\/\/aylu.es\/index.php?rest_route=\/wp\/v2\/posts\/1172\/revisions\/1175"}],"wp:featuredmedia":[{"embeddable":true,"href":"https:\/\/aylu.es\/index.php?rest_route=\/wp\/v2\/media\/1174"}],"wp:attachment":[{"href":"https:\/\/aylu.es\/index.php?rest_route=%2Fwp%2Fv2%2Fmedia&parent=1172"}],"wp:term":[{"taxonomy":"category","embeddable":true,"href":"https:\/\/aylu.es\/index.php?rest_route=%2Fwp%2Fv2%2Fcategories&post=1172"},{"taxonomy":"post_tag","embeddable":true,"href":"https:\/\/aylu.es\/index.php?rest_route=%2Fwp%2Fv2%2Ftags&post=1172"}],"curies":[{"name":"wp","href":"https:\/\/api.w.org\/{rel}","templated":true}]}}