{"id":1177,"date":"2025-08-25T12:50:42","date_gmt":"2025-08-25T12:50:42","guid":{"rendered":"https:\/\/aylu.es\/?p=1177"},"modified":"2025-08-25T12:50:43","modified_gmt":"2025-08-25T12:50:43","slug":"horarios-septiembre-2025","status":"publish","type":"post","link":"https:\/\/aylu.es\/?p=1177","title":{"rendered":"Horarios septiembre 2025"},"content":{"rendered":"\n<p>Una vez pasado el verano, nos ponemos en marcha ampliando el horario de judo desde el 1 de septiembre. La clase de adultos contin\u00faa como todo el verano, martes y jueves a las 19:30 y a\u00f1adimos una clase hasta 11 a\u00f1os, los mismo d\u00edas a las 18:30.<\/p>\n\n\n\n<p>Ya sabes&#8230; si no quieres esperar a octubre y quieres ponerte en marcha cuanto antes para ir acostumbrando al cuerpo a la rutina, en septiembre te esperamos.<\/p>\n\n\n\n<figure class=\"wp-block-image size-large\"><img fetchpriority=\"high\" decoding=\"async\" width=\"640\" height=\"960\" src=\"https:\/\/aylu.es\/wp-content\/uploads\/2025\/08\/horario-septiembre-copia-640x960.jpg\" alt=\"\" class=\"wp-image-1178\" srcset=\"https:\/\/aylu.es\/wp-content\/uploads\/2025\/08\/horario-septiembre-copia-640x960.jpg 640w, https:\/\/aylu.es\/wp-content\/uploads\/2025\/08\/horario-septiembre-copia-200x300.jpg 200w, https:\/\/aylu.es\/wp-content\/uploads\/2025\/08\/horario-septiembre-copia-768x1152.jpg 768w, https:\/\/aylu.es\/wp-content\/uploads\/2025\/08\/horario-septiembre-copia-1024x1536.jpg 1024w, https:\/\/aylu.es\/wp-content\/uploads\/2025\/08\/horario-septiembre-copia-1365x2048.jpg 1365w, https:\/\/aylu.es\/wp-content\/uploads\/2025\/08\/horario-septiembre-copia-816x1224.jpg 816w, https:\/\/aylu.es\/wp-content\/uploads\/2025\/08\/horario-septiembre-copia-scaled.jpg 1707w\" sizes=\"(max-width: 640px) 100vw, 640px\" \/><\/figure>\n","protected":false},"excerpt":{"rendered":"<p>Una vez pasado el verano, nos ponemos en marcha ampliando el horario de judo desde el 1 de septiembre. La clase de adultos contin\u00faa como todo el verano, martes y jueves a las 19:30 y a\u00f1adimos una clase hasta 11 a\u00f1os, los mismo d\u00edas a las 18:30. Ya sabes&#8230; si no quieres esperar a octubre [&hellip;]<\/p>\n","protected":false},"author":1,"featured_media":1178,"comment_status":"open","ping_status":"open","sticky":false,"template":"","format":"standard","meta":{"footnotes":""},"categories":[7,2],"tags":[32,58,34,13,33],"class_list":["post-1177","post","type-post","status-publish","format-standard","has-post-thumbnail","hentry","category-cuotas-horarios-y-actvidades","category-noticias","tag-aylu","tag-aylu-guadalajara","tag-gimnasio-aylu","tag-judo","tag-judo-guadalajara"],"_links":{"self":[{"href":"https:\/\/aylu.es\/index.php?rest_route=\/wp\/v2\/posts\/1177","targetHints":{"allow":["GET"]}}],"collection":[{"href":"https:\/\/aylu.es\/index.php?rest_route=\/wp\/v2\/posts"}],"about":[{"href":"https:\/\/aylu.es\/index.php?rest_route=\/wp\/v2\/types\/post"}],"author":[{"embeddable":true,"href":"https:\/\/aylu.es\/index.php?rest_route=\/wp\/v2\/users\/1"}],"replies":[{"embeddable":true,"href":"https:\/\/aylu.es\/index.php?rest_route=%2Fwp%2Fv2%2Fcomments&post=1177"}],"version-history":[{"count":1,"href":"https:\/\/aylu.es\/index.php?rest_route=\/wp\/v2\/posts\/1177\/revisions"}],"predecessor-version":[{"id":1179,"href":"https:\/\/aylu.es\/index.php?rest_route=\/wp\/v2\/posts\/1177\/revisions\/1179"}],"wp:featuredmedia":[{"embeddable":true,"href":"https:\/\/aylu.es\/index.php?rest_route=\/wp\/v2\/media\/1178"}],"wp:attachment":[{"href":"https:\/\/aylu.es\/index.php?rest_route=%2Fwp%2Fv2%2Fmedia&parent=1177"}],"wp:term":[{"taxonomy":"category","embeddable":true,"href":"https:\/\/aylu.es\/index.php?rest_route=%2Fwp%2Fv2%2Fcategories&post=1177"},{"taxonomy":"post_tag","embeddable":true,"href":"https:\/\/aylu.es\/index.php?rest_route=%2Fwp%2Fv2%2Ftags&post=1177"}],"curies":[{"name":"wp","href":"https:\/\/api.w.org\/{rel}","templated":true}]}}