{"id":1181,"date":"2025-09-16T15:51:56","date_gmt":"2025-09-16T15:51:56","guid":{"rendered":"https:\/\/aylu.es\/?p=1181"},"modified":"2025-09-16T15:51:58","modified_gmt":"2025-09-16T15:51:58","slug":"inicio-de-la-temporada-25-26-en-el-palacio-multiusos","status":"publish","type":"post","link":"https:\/\/aylu.es\/?p=1181","title":{"rendered":"Inicio de la temporada 25\/26 en el Palacio Multiusos"},"content":{"rendered":"\n<p>Un a\u00f1o m\u00e1s nos ponemos en marcha en el Palacio Multiusos de Guadalajara. Comenzamos las clases el pr\u00f3ximo d\u00eda 22 de septiembre en el horario habitual, a las 17:30.<\/p>\n\n\n\n<p>Los horarios contin\u00faan exactamente igual que a\u00f1os anteriores, los lunes y mi\u00e9rcoles a las 17:30, en la Sala de Judo del Palacio Multiusos.<\/p>\n\n\n\n<p>\u00a1\u00a1\u00a1\u00a1OS ESPERAMOS EL D\u00cdA 22 CON LA PILAS CARGADAS!!!!<\/p>\n\n\n\n<figure class=\"wp-block-image size-large\"><img fetchpriority=\"high\" decoding=\"async\" width=\"960\" height=\"643\" src=\"https:\/\/aylu.es\/wp-content\/uploads\/2025\/09\/MULTI-SEPTIEMBRE-2025-2-960x643.jpg\" alt=\"\" class=\"wp-image-1182\" srcset=\"https:\/\/aylu.es\/wp-content\/uploads\/2025\/09\/MULTI-SEPTIEMBRE-2025-2-960x643.jpg 960w, https:\/\/aylu.es\/wp-content\/uploads\/2025\/09\/MULTI-SEPTIEMBRE-2025-2-300x201.jpg 300w, https:\/\/aylu.es\/wp-content\/uploads\/2025\/09\/MULTI-SEPTIEMBRE-2025-2-768x514.jpg 768w, https:\/\/aylu.es\/wp-content\/uploads\/2025\/09\/MULTI-SEPTIEMBRE-2025-2-1536x1029.jpg 1536w, https:\/\/aylu.es\/wp-content\/uploads\/2025\/09\/MULTI-SEPTIEMBRE-2025-2-816x547.jpg 816w, https:\/\/aylu.es\/wp-content\/uploads\/2025\/09\/MULTI-SEPTIEMBRE-2025-2-1320x884.jpg 1320w, https:\/\/aylu.es\/wp-content\/uploads\/2025\/09\/MULTI-SEPTIEMBRE-2025-2.jpg 1726w\" sizes=\"(max-width: 960px) 100vw, 960px\" \/><\/figure>\n","protected":false},"excerpt":{"rendered":"<p>Un a\u00f1o m\u00e1s nos ponemos en marcha en el Palacio Multiusos de Guadalajara. Comenzamos las clases el pr\u00f3ximo d\u00eda 22 de septiembre en el horario habitual, a las 17:30. Los horarios contin\u00faan exactamente igual que a\u00f1os anteriores, los lunes y mi\u00e9rcoles a las 17:30, en la Sala de Judo del Palacio Multiusos. \u00a1\u00a1\u00a1\u00a1OS ESPERAMOS EL [&hellip;]<\/p>\n","protected":false},"author":3,"featured_media":0,"comment_status":"open","ping_status":"open","sticky":false,"template":"","format":"standard","meta":{"footnotes":""},"categories":[7,2],"tags":[32,58,36,13],"class_list":["post-1181","post","type-post","status-publish","format-standard","hentry","category-cuotas-horarios-y-actvidades","category-noticias","tag-aylu","tag-aylu-guadalajara","tag-guadalajara","tag-judo"],"_links":{"self":[{"href":"https:\/\/aylu.es\/index.php?rest_route=\/wp\/v2\/posts\/1181","targetHints":{"allow":["GET"]}}],"collection":[{"href":"https:\/\/aylu.es\/index.php?rest_route=\/wp\/v2\/posts"}],"about":[{"href":"https:\/\/aylu.es\/index.php?rest_route=\/wp\/v2\/types\/post"}],"author":[{"embeddable":true,"href":"https:\/\/aylu.es\/index.php?rest_route=\/wp\/v2\/users\/3"}],"replies":[{"embeddable":true,"href":"https:\/\/aylu.es\/index.php?rest_route=%2Fwp%2Fv2%2Fcomments&post=1181"}],"version-history":[{"count":1,"href":"https:\/\/aylu.es\/index.php?rest_route=\/wp\/v2\/posts\/1181\/revisions"}],"predecessor-version":[{"id":1183,"href":"https:\/\/aylu.es\/index.php?rest_route=\/wp\/v2\/posts\/1181\/revisions\/1183"}],"wp:attachment":[{"href":"https:\/\/aylu.es\/index.php?rest_route=%2Fwp%2Fv2%2Fmedia&parent=1181"}],"wp:term":[{"taxonomy":"category","embeddable":true,"href":"https:\/\/aylu.es\/index.php?rest_route=%2Fwp%2Fv2%2Fcategories&post=1181"},{"taxonomy":"post_tag","embeddable":true,"href":"https:\/\/aylu.es\/index.php?rest_route=%2Fwp%2Fv2%2Ftags&post=1181"}],"curies":[{"name":"wp","href":"https:\/\/api.w.org\/{rel}","templated":true}]}}