{"id":1187,"date":"2025-09-29T09:34:20","date_gmt":"2025-09-29T09:34:20","guid":{"rendered":"https:\/\/aylu.es\/?p=1187"},"modified":"2025-09-29T09:34:25","modified_gmt":"2025-09-29T09:34:25","slug":"carlos-encijo-en-la-copa-de-espana-de-orense","status":"publish","type":"post","link":"https:\/\/aylu.es\/?p=1187","title":{"rendered":"Carlos Encijo en la Copa de Espa\u00f1a de Orense"},"content":{"rendered":"\n<p>Dif\u00edcil papeleta para Carlos en Orense. Primera Copa del Circuito nacional con un nivel muy alto, con participantes de toda Espa\u00f1a y Portugal. <\/p>\n\n\n\n<p>Carlos sali\u00f3 algo nervioso al primer combate y poco pudo hacer ante un rival muy fuerte. Repesc\u00f3, gan\u00f3 el siguiente combate con solvencia y perdi\u00f3 el que le hubiera dado paso a la disputa de la medalla. Al final 7\u00ba puesto muy merecido y que le da \u00e1nimos para las siguientes competiciones.<\/p>\n\n\n\n<figure class=\"wp-block-image size-large\"><img fetchpriority=\"high\" decoding=\"async\" width=\"720\" height=\"960\" src=\"https:\/\/aylu.es\/wp-content\/uploads\/2025\/09\/carlos-orense-720x960.jpg\" alt=\"\" class=\"wp-image-1188\" srcset=\"https:\/\/aylu.es\/wp-content\/uploads\/2025\/09\/carlos-orense-720x960.jpg 720w, https:\/\/aylu.es\/wp-content\/uploads\/2025\/09\/carlos-orense-225x300.jpg 225w, https:\/\/aylu.es\/wp-content\/uploads\/2025\/09\/carlos-orense-768x1024.jpg 768w, https:\/\/aylu.es\/wp-content\/uploads\/2025\/09\/carlos-orense-1152x1536.jpg 1152w, https:\/\/aylu.es\/wp-content\/uploads\/2025\/09\/carlos-orense-816x1088.jpg 816w, https:\/\/aylu.es\/wp-content\/uploads\/2025\/09\/carlos-orense.jpg 1200w\" sizes=\"(max-width: 720px) 100vw, 720px\" \/><\/figure>\n","protected":false},"excerpt":{"rendered":"<p>Dif\u00edcil papeleta para Carlos en Orense. Primera Copa del Circuito nacional con un nivel muy alto, con participantes de toda Espa\u00f1a y Portugal. Carlos sali\u00f3 algo nervioso al primer combate y poco pudo hacer ante un rival muy fuerte. Repesc\u00f3, gan\u00f3 el siguiente combate con solvencia y perdi\u00f3 el que le hubiera dado paso a [&hellip;]<\/p>\n","protected":false},"author":1,"featured_media":1188,"comment_status":"open","ping_status":"open","sticky":false,"template":"","format":"standard","meta":{"footnotes":""},"categories":[22,2],"tags":[32,58,13,33],"class_list":["post-1187","post","type-post","status-publish","format-standard","has-post-thumbnail","hentry","category-competiciones","category-noticias","tag-aylu","tag-aylu-guadalajara","tag-judo","tag-judo-guadalajara"],"_links":{"self":[{"href":"https:\/\/aylu.es\/index.php?rest_route=\/wp\/v2\/posts\/1187","targetHints":{"allow":["GET"]}}],"collection":[{"href":"https:\/\/aylu.es\/index.php?rest_route=\/wp\/v2\/posts"}],"about":[{"href":"https:\/\/aylu.es\/index.php?rest_route=\/wp\/v2\/types\/post"}],"author":[{"embeddable":true,"href":"https:\/\/aylu.es\/index.php?rest_route=\/wp\/v2\/users\/1"}],"replies":[{"embeddable":true,"href":"https:\/\/aylu.es\/index.php?rest_route=%2Fwp%2Fv2%2Fcomments&post=1187"}],"version-history":[{"count":1,"href":"https:\/\/aylu.es\/index.php?rest_route=\/wp\/v2\/posts\/1187\/revisions"}],"predecessor-version":[{"id":1189,"href":"https:\/\/aylu.es\/index.php?rest_route=\/wp\/v2\/posts\/1187\/revisions\/1189"}],"wp:featuredmedia":[{"embeddable":true,"href":"https:\/\/aylu.es\/index.php?rest_route=\/wp\/v2\/media\/1188"}],"wp:attachment":[{"href":"https:\/\/aylu.es\/index.php?rest_route=%2Fwp%2Fv2%2Fmedia&parent=1187"}],"wp:term":[{"taxonomy":"category","embeddable":true,"href":"https:\/\/aylu.es\/index.php?rest_route=%2Fwp%2Fv2%2Fcategories&post=1187"},{"taxonomy":"post_tag","embeddable":true,"href":"https:\/\/aylu.es\/index.php?rest_route=%2Fwp%2Fv2%2Ftags&post=1187"}],"curies":[{"name":"wp","href":"https:\/\/api.w.org\/{rel}","templated":true}]}}