{"id":1194,"date":"2025-10-16T14:10:58","date_gmt":"2025-10-16T14:10:58","guid":{"rendered":"https:\/\/aylu.es\/?p=1194"},"modified":"2025-10-16T14:15:34","modified_gmt":"2025-10-16T14:15:34","slug":"los-cadetes-se-traen-tres-medallas-del-internacional-de-salamanca","status":"publish","type":"post","link":"https:\/\/aylu.es\/?p=1194","title":{"rendered":"Los cadetes se traen tres medallas del Internacional de Salamanca"},"content":{"rendered":"\n<p>El pasado fin de semana, nuestro equipo de cadetes particip\u00f3 en el I Trofeo Internacional Vicente Zarza en Salamanca. Hasta all\u00ed se desplazaron nuestros guerreros Alvaro Segovia, Alvaro Agarrabeitia, Lucas Pordomingo, Alberto Encijo, DAniel Hern\u00e1ndez y Nia Kizanishvili.<\/p>\n\n\n\n<figure class=\"wp-block-image size-large\"><img fetchpriority=\"high\" decoding=\"async\" width=\"960\" height=\"720\" src=\"https:\/\/aylu.es\/wp-content\/uploads\/2025\/10\/segovia-3-960x720.jpg\" alt=\"\" class=\"wp-image-1195\" srcset=\"https:\/\/aylu.es\/wp-content\/uploads\/2025\/10\/segovia-3-960x720.jpg 960w, https:\/\/aylu.es\/wp-content\/uploads\/2025\/10\/segovia-3-300x225.jpg 300w, https:\/\/aylu.es\/wp-content\/uploads\/2025\/10\/segovia-3-768x576.jpg 768w, https:\/\/aylu.es\/wp-content\/uploads\/2025\/10\/segovia-3-1536x1152.jpg 1536w, https:\/\/aylu.es\/wp-content\/uploads\/2025\/10\/segovia-3-816x612.jpg 816w, https:\/\/aylu.es\/wp-content\/uploads\/2025\/10\/segovia-3-1320x990.jpg 1320w, https:\/\/aylu.es\/wp-content\/uploads\/2025\/10\/segovia-3.jpg 1600w\" sizes=\"(max-width: 960px) 100vw, 960px\" \/><\/figure>\n\n\n\n<p>Una competici\u00f3n interesante, con un nivel bastante alto, ya que algunos de los participantes han sido medallas en el Campeonato de Espa\u00f1a de la pasada temporada.<\/p>\n\n\n\n<p>En 50 kilos, Lucas lo tiene dif\u00edcil. Es el mas ligero de la categor\u00eda con mucho. Algunos le pueden llegar a sacar 10 kilos y 20 cm. A pesar de ello y gracias a su pundonor se llev\u00f3 las ovaciones m\u00e1s sonadas de la ma\u00f1ana.<\/p>\n\n\n\n<p>Los \u00abAlvaros\u00bb, tambi\u00e9n en 50 kilos trabajaron bien. Por un lado, Alvaro Segovia es un valor seguro. Tiene una idea muy clara de cual es su judo y lo lleva a rajatabla. Agarrabeitia es m\u00e1s tranquilo. Puede dar una de cal y o otra de arena. A ver si se centra un poco m\u00e1s y le echa un poco m\u00e1s de \u00absangre\u00bb.<\/p>\n\n\n\n<figure class=\"wp-block-image size-large\"><img decoding=\"async\" width=\"960\" height=\"720\" src=\"https:\/\/aylu.es\/wp-content\/uploads\/2025\/10\/segovia-2-960x720.jpg\" alt=\"\" class=\"wp-image-1196\" srcset=\"https:\/\/aylu.es\/wp-content\/uploads\/2025\/10\/segovia-2-960x720.jpg 960w, https:\/\/aylu.es\/wp-content\/uploads\/2025\/10\/segovia-2-300x225.jpg 300w, https:\/\/aylu.es\/wp-content\/uploads\/2025\/10\/segovia-2-768x576.jpg 768w, https:\/\/aylu.es\/wp-content\/uploads\/2025\/10\/segovia-2-1536x1152.jpg 1536w, https:\/\/aylu.es\/wp-content\/uploads\/2025\/10\/segovia-2-816x612.jpg 816w, https:\/\/aylu.es\/wp-content\/uploads\/2025\/10\/segovia-2-1320x990.jpg 1320w, https:\/\/aylu.es\/wp-content\/uploads\/2025\/10\/segovia-2.jpg 1600w\" sizes=\"(max-width: 960px) 100vw, 960px\" \/><\/figure>\n\n\n\n<p>Daniel Hern\u00e1ndez en 55 kilos y Alberto Encijo en 66 kilos compitieron en unas categor\u00edas muy duras. Dani poco pudo hacer y Alberto lo hizo muy bien, pero lo puede hacer mejor si piensa como debe plantear los combates y que hacer en cada momento.<\/p>\n\n\n\n<p>Nia es del mismo perfil que Alvaro Segovia. Muy tranquila y espera su momento. No arriesga nada y gana los combates con solvencia. Le falta un poco de agresividad pero poco a poco va acerc\u00e1ndose al punto ideal.<\/p>\n\n\n\n<figure class=\"wp-block-image size-large\"><img decoding=\"async\" width=\"960\" height=\"720\" src=\"https:\/\/aylu.es\/wp-content\/uploads\/2025\/10\/nia--960x720.jpg\" alt=\"\" class=\"wp-image-1197\" srcset=\"https:\/\/aylu.es\/wp-content\/uploads\/2025\/10\/nia--960x720.jpg 960w, https:\/\/aylu.es\/wp-content\/uploads\/2025\/10\/nia--300x225.jpg 300w, https:\/\/aylu.es\/wp-content\/uploads\/2025\/10\/nia--768x576.jpg 768w, https:\/\/aylu.es\/wp-content\/uploads\/2025\/10\/nia--1536x1152.jpg 1536w, https:\/\/aylu.es\/wp-content\/uploads\/2025\/10\/nia--816x612.jpg 816w, https:\/\/aylu.es\/wp-content\/uploads\/2025\/10\/nia--1320x990.jpg 1320w, https:\/\/aylu.es\/wp-content\/uploads\/2025\/10\/nia-.jpg 1600w\" sizes=\"(max-width: 960px) 100vw, 960px\" \/><\/figure>\n\n\n\n<ul class=\"wp-block-list\">\n<li>ALVARO SEGOVIA, PLATA<\/li>\n\n\n\n<li>ALVARO AGARRABEITIA, BRONCE<\/li>\n\n\n\n<li>NIA KIZANISHVILI, BRONCE<\/li>\n\n\n\n<li>LUCAS PORDOMINGO, DANIEL HERNANDEZ Y ALBERTO ENCIJO, 5\u00ba PUESTO<\/li>\n<\/ul>\n\n\n\n<figure class=\"wp-block-gallery has-nested-images columns-default is-cropped wp-block-gallery-1 is-layout-flex wp-block-gallery-is-layout-flex\">\n<figure class=\"wp-block-image size-large\"><img loading=\"lazy\" decoding=\"async\" width=\"960\" height=\"540\" data-id=\"1200\" src=\"https:\/\/aylu.es\/wp-content\/uploads\/2025\/10\/IMG-20251016-WA0016-960x540.jpg\" alt=\"\" class=\"wp-image-1200\" srcset=\"https:\/\/aylu.es\/wp-content\/uploads\/2025\/10\/IMG-20251016-WA0016-960x540.jpg 960w, https:\/\/aylu.es\/wp-content\/uploads\/2025\/10\/IMG-20251016-WA0016-300x169.jpg 300w, https:\/\/aylu.es\/wp-content\/uploads\/2025\/10\/IMG-20251016-WA0016-768x432.jpg 768w, https:\/\/aylu.es\/wp-content\/uploads\/2025\/10\/IMG-20251016-WA0016-1536x864.jpg 1536w, https:\/\/aylu.es\/wp-content\/uploads\/2025\/10\/IMG-20251016-WA0016-816x459.jpg 816w, https:\/\/aylu.es\/wp-content\/uploads\/2025\/10\/IMG-20251016-WA0016-1320x743.jpg 1320w, https:\/\/aylu.es\/wp-content\/uploads\/2025\/10\/IMG-20251016-WA0016.jpg 1600w\" sizes=\"(max-width: 960px) 100vw, 960px\" \/><\/figure>\n\n\n\n<figure class=\"wp-block-image size-large\"><img loading=\"lazy\" decoding=\"async\" width=\"540\" height=\"960\" data-id=\"1202\" src=\"https:\/\/aylu.es\/wp-content\/uploads\/2025\/10\/IMG-20251016-WA0012-540x960.jpg\" alt=\"\" class=\"wp-image-1202\" srcset=\"https:\/\/aylu.es\/wp-content\/uploads\/2025\/10\/IMG-20251016-WA0012-540x960.jpg 540w, https:\/\/aylu.es\/wp-content\/uploads\/2025\/10\/IMG-20251016-WA0012-169x300.jpg 169w, https:\/\/aylu.es\/wp-content\/uploads\/2025\/10\/IMG-20251016-WA0012-768x1365.jpg 768w, https:\/\/aylu.es\/wp-content\/uploads\/2025\/10\/IMG-20251016-WA0012-864x1536.jpg 864w, https:\/\/aylu.es\/wp-content\/uploads\/2025\/10\/IMG-20251016-WA0012-816x1451.jpg 816w, https:\/\/aylu.es\/wp-content\/uploads\/2025\/10\/IMG-20251016-WA0012.jpg 900w\" sizes=\"(max-width: 540px) 100vw, 540px\" \/><\/figure>\n\n\n\n<figure class=\"wp-block-image size-large\"><img loading=\"lazy\" decoding=\"async\" width=\"960\" height=\"540\" data-id=\"1201\" src=\"https:\/\/aylu.es\/wp-content\/uploads\/2025\/10\/IMG-20251016-WA0013-960x540.jpg\" alt=\"\" class=\"wp-image-1201\" srcset=\"https:\/\/aylu.es\/wp-content\/uploads\/2025\/10\/IMG-20251016-WA0013-960x540.jpg 960w, https:\/\/aylu.es\/wp-content\/uploads\/2025\/10\/IMG-20251016-WA0013-300x169.jpg 300w, https:\/\/aylu.es\/wp-content\/uploads\/2025\/10\/IMG-20251016-WA0013-768x432.jpg 768w, https:\/\/aylu.es\/wp-content\/uploads\/2025\/10\/IMG-20251016-WA0013-1536x864.jpg 1536w, https:\/\/aylu.es\/wp-content\/uploads\/2025\/10\/IMG-20251016-WA0013-816x459.jpg 816w, https:\/\/aylu.es\/wp-content\/uploads\/2025\/10\/IMG-20251016-WA0013-1320x743.jpg 1320w, https:\/\/aylu.es\/wp-content\/uploads\/2025\/10\/IMG-20251016-WA0013.jpg 1600w\" sizes=\"(max-width: 960px) 100vw, 960px\" \/><\/figure>\n\n\n\n<figure class=\"wp-block-image size-large\"><img loading=\"lazy\" decoding=\"async\" width=\"960\" height=\"540\" data-id=\"1205\" src=\"https:\/\/aylu.es\/wp-content\/uploads\/2025\/10\/IMG-20251016-WA0014-960x540.jpg\" alt=\"\" class=\"wp-image-1205\" srcset=\"https:\/\/aylu.es\/wp-content\/uploads\/2025\/10\/IMG-20251016-WA0014-960x540.jpg 960w, https:\/\/aylu.es\/wp-content\/uploads\/2025\/10\/IMG-20251016-WA0014-300x169.jpg 300w, https:\/\/aylu.es\/wp-content\/uploads\/2025\/10\/IMG-20251016-WA0014-768x432.jpg 768w, https:\/\/aylu.es\/wp-content\/uploads\/2025\/10\/IMG-20251016-WA0014-1536x864.jpg 1536w, https:\/\/aylu.es\/wp-content\/uploads\/2025\/10\/IMG-20251016-WA0014-816x459.jpg 816w, https:\/\/aylu.es\/wp-content\/uploads\/2025\/10\/IMG-20251016-WA0014-1320x743.jpg 1320w, https:\/\/aylu.es\/wp-content\/uploads\/2025\/10\/IMG-20251016-WA0014.jpg 1600w\" sizes=\"(max-width: 960px) 100vw, 960px\" \/><\/figure>\n\n\n\n<figure class=\"wp-block-image size-large\"><img loading=\"lazy\" decoding=\"async\" width=\"540\" height=\"960\" data-id=\"1203\" src=\"https:\/\/aylu.es\/wp-content\/uploads\/2025\/10\/IMG-20251016-WA0015-540x960.jpg\" alt=\"\" class=\"wp-image-1203\" srcset=\"https:\/\/aylu.es\/wp-content\/uploads\/2025\/10\/IMG-20251016-WA0015-540x960.jpg 540w, https:\/\/aylu.es\/wp-content\/uploads\/2025\/10\/IMG-20251016-WA0015-169x300.jpg 169w, https:\/\/aylu.es\/wp-content\/uploads\/2025\/10\/IMG-20251016-WA0015-768x1365.jpg 768w, https:\/\/aylu.es\/wp-content\/uploads\/2025\/10\/IMG-20251016-WA0015-864x1536.jpg 864w, https:\/\/aylu.es\/wp-content\/uploads\/2025\/10\/IMG-20251016-WA0015-816x1451.jpg 816w, https:\/\/aylu.es\/wp-content\/uploads\/2025\/10\/IMG-20251016-WA0015.jpg 900w\" sizes=\"(max-width: 540px) 100vw, 540px\" \/><\/figure>\n\n\n\n<figure class=\"wp-block-image size-large\"><img loading=\"lazy\" decoding=\"async\" width=\"960\" height=\"540\" data-id=\"1206\" src=\"https:\/\/aylu.es\/wp-content\/uploads\/2025\/10\/IMG-20251016-WA0011-960x540.jpg\" alt=\"\" class=\"wp-image-1206\" srcset=\"https:\/\/aylu.es\/wp-content\/uploads\/2025\/10\/IMG-20251016-WA0011-960x540.jpg 960w, https:\/\/aylu.es\/wp-content\/uploads\/2025\/10\/IMG-20251016-WA0011-300x169.jpg 300w, https:\/\/aylu.es\/wp-content\/uploads\/2025\/10\/IMG-20251016-WA0011-768x432.jpg 768w, https:\/\/aylu.es\/wp-content\/uploads\/2025\/10\/IMG-20251016-WA0011-1536x864.jpg 1536w, https:\/\/aylu.es\/wp-content\/uploads\/2025\/10\/IMG-20251016-WA0011-816x459.jpg 816w, https:\/\/aylu.es\/wp-content\/uploads\/2025\/10\/IMG-20251016-WA0011-1320x743.jpg 1320w, https:\/\/aylu.es\/wp-content\/uploads\/2025\/10\/IMG-20251016-WA0011.jpg 1600w\" sizes=\"(max-width: 960px) 100vw, 960px\" \/><\/figure>\n\n\n\n<figure class=\"wp-block-image size-large\"><img loading=\"lazy\" decoding=\"async\" width=\"960\" height=\"540\" data-id=\"1204\" src=\"https:\/\/aylu.es\/wp-content\/uploads\/2025\/10\/IMG-20251016-WA0010-960x540.jpg\" alt=\"\" class=\"wp-image-1204\" srcset=\"https:\/\/aylu.es\/wp-content\/uploads\/2025\/10\/IMG-20251016-WA0010-960x540.jpg 960w, https:\/\/aylu.es\/wp-content\/uploads\/2025\/10\/IMG-20251016-WA0010-300x169.jpg 300w, https:\/\/aylu.es\/wp-content\/uploads\/2025\/10\/IMG-20251016-WA0010-768x432.jpg 768w, https:\/\/aylu.es\/wp-content\/uploads\/2025\/10\/IMG-20251016-WA0010-1536x864.jpg 1536w, https:\/\/aylu.es\/wp-content\/uploads\/2025\/10\/IMG-20251016-WA0010-816x459.jpg 816w, https:\/\/aylu.es\/wp-content\/uploads\/2025\/10\/IMG-20251016-WA0010-1320x743.jpg 1320w, https:\/\/aylu.es\/wp-content\/uploads\/2025\/10\/IMG-20251016-WA0010.jpg 1600w\" sizes=\"(max-width: 960px) 100vw, 960px\" \/><\/figure>\n\n\n\n<figure class=\"wp-block-image size-large\"><img loading=\"lazy\" decoding=\"async\" width=\"960\" height=\"540\" data-id=\"1199\" src=\"https:\/\/aylu.es\/wp-content\/uploads\/2025\/10\/IMG-20251016-WA0009-960x540.jpg\" alt=\"\" class=\"wp-image-1199\" srcset=\"https:\/\/aylu.es\/wp-content\/uploads\/2025\/10\/IMG-20251016-WA0009-960x540.jpg 960w, https:\/\/aylu.es\/wp-content\/uploads\/2025\/10\/IMG-20251016-WA0009-300x169.jpg 300w, https:\/\/aylu.es\/wp-content\/uploads\/2025\/10\/IMG-20251016-WA0009-768x432.jpg 768w, https:\/\/aylu.es\/wp-content\/uploads\/2025\/10\/IMG-20251016-WA0009-1536x864.jpg 1536w, https:\/\/aylu.es\/wp-content\/uploads\/2025\/10\/IMG-20251016-WA0009-816x459.jpg 816w, https:\/\/aylu.es\/wp-content\/uploads\/2025\/10\/IMG-20251016-WA0009-1320x743.jpg 1320w, https:\/\/aylu.es\/wp-content\/uploads\/2025\/10\/IMG-20251016-WA0009.jpg 1600w\" sizes=\"(max-width: 960px) 100vw, 960px\" \/><\/figure>\n<\/figure>\n","protected":false},"excerpt":{"rendered":"<p>El pasado fin de semana, nuestro equipo de cadetes particip\u00f3 en el I Trofeo Internacional Vicente Zarza en Salamanca. Hasta all\u00ed se desplazaron nuestros guerreros Alvaro Segovia, Alvaro Agarrabeitia, Lucas Pordomingo, Alberto Encijo, DAniel Hern\u00e1ndez y Nia Kizanishvili. Una competici\u00f3n interesante, con un nivel bastante alto, ya que algunos de los participantes han sido medallas [&hellip;]<\/p>\n","protected":false},"author":1,"featured_media":1196,"comment_status":"open","ping_status":"open","sticky":false,"template":"","format":"standard","meta":{"footnotes":""},"categories":[22,2],"tags":[32,58,34,13,53,33],"class_list":["post-1194","post","type-post","status-publish","format-standard","has-post-thumbnail","hentry","category-competiciones","category-noticias","tag-aylu","tag-aylu-guadalajara","tag-gimnasio-aylu","tag-judo","tag-judo-aylu","tag-judo-guadalajara"],"_links":{"self":[{"href":"https:\/\/aylu.es\/index.php?rest_route=\/wp\/v2\/posts\/1194","targetHints":{"allow":["GET"]}}],"collection":[{"href":"https:\/\/aylu.es\/index.php?rest_route=\/wp\/v2\/posts"}],"about":[{"href":"https:\/\/aylu.es\/index.php?rest_route=\/wp\/v2\/types\/post"}],"author":[{"embeddable":true,"href":"https:\/\/aylu.es\/index.php?rest_route=\/wp\/v2\/users\/1"}],"replies":[{"embeddable":true,"href":"https:\/\/aylu.es\/index.php?rest_route=%2Fwp%2Fv2%2Fcomments&post=1194"}],"version-history":[{"count":2,"href":"https:\/\/aylu.es\/index.php?rest_route=\/wp\/v2\/posts\/1194\/revisions"}],"predecessor-version":[{"id":1207,"href":"https:\/\/aylu.es\/index.php?rest_route=\/wp\/v2\/posts\/1194\/revisions\/1207"}],"wp:featuredmedia":[{"embeddable":true,"href":"https:\/\/aylu.es\/index.php?rest_route=\/wp\/v2\/media\/1196"}],"wp:attachment":[{"href":"https:\/\/aylu.es\/index.php?rest_route=%2Fwp%2Fv2%2Fmedia&parent=1194"}],"wp:term":[{"taxonomy":"category","embeddable":true,"href":"https:\/\/aylu.es\/index.php?rest_route=%2Fwp%2Fv2%2Fcategories&post=1194"},{"taxonomy":"post_tag","embeddable":true,"href":"https:\/\/aylu.es\/index.php?rest_route=%2Fwp%2Fv2%2Ftags&post=1194"}],"curies":[{"name":"wp","href":"https:\/\/api.w.org\/{rel}","templated":true}]}}