{"id":1222,"date":"2025-10-20T06:44:40","date_gmt":"2025-10-20T06:44:40","guid":{"rendered":"https:\/\/aylu.es\/?p=1222"},"modified":"2025-10-20T06:46:10","modified_gmt":"2025-10-20T06:46:10","slug":"buenos-resultados-del-aylu-en-el-campeonato-regional-senior-2025","status":"publish","type":"post","link":"https:\/\/aylu.es\/?p=1222","title":{"rendered":"Buenos resultados del Aylu en el Campeonato Regional Senior 2025"},"content":{"rendered":"\n<p>Una competici\u00f3n dif\u00edcil con bastante nivel, en la que los representantes del Aylu hicieron un excelente papel. Campeonato Regional Senior que se celebr\u00f3 en Tomelloso que daba la clasificaci\u00f3n para el Campeonato de Espa\u00f1a Sur que se celebrar\u00e1 en Guadalajara el pr\u00f3ximo d\u00eda 1 de noviembre.<\/p>\n\n\n\n<p>Erick Yago, Plata, como siempre, un aut\u00e9ntico tobog\u00e1n de sensaciones. Es cierto que cada competici\u00f3n que pasa est\u00e1 m\u00e1s centrado y su nivel es m\u00e1s plano. Hizo unos combates de aut\u00e9ntico campe\u00f3n y en la final lucho hasta el \u00faltimo instante. La plata es un buen resultado.<\/p>\n\n\n\n<p>Alberto Encijo luch\u00f3 como un jabato y la medalla de bronce tambi\u00e9n es un buen resultado. El tercero es tambi\u00e9n fruto de su trabajo en el gimnasio y tan solo tiene que fijar un poco m\u00e1s su judo. Definirlo  y lo que trabaja en el gimnasio hacerlo en las competiciones. <\/p>\n\n\n\n<p>Los otros dos participantes, tanto Carlos Encijo como Alex Pordomingo rozaron el podium. Carlos cada d\u00eda est\u00e1 haciendo un judo mucho m\u00e1s serio y comprometido. El handicap que tiene es la dificultad del entrenamiento debido al trabajo. Pero su ilusi\u00f3n y ganas de trabajar le traer\u00e1 buenos resultados. <\/p>\n\n\n\n<p>Alex se est\u00e1 centrando un poco m\u00e1s. Tiene un f\u00edsico impresionante pero no lo sabe utilizar. Adem\u00e1s, tambi\u00e9n tiene judo. Le falta experiencia y saber sacar el m\u00e1ximo partido a todo. Hizo un combatazo por la medalla de bronce que se fue hasta los 5 minutos de Golden Score y pudo haber ganado cualquiera de los dos.<\/p>\n\n\n\n<p>ENHORABUENA A TODOS Y A POR LA PROXIMA!!!!!<\/p>\n\n\n\n<figure class=\"wp-block-gallery has-nested-images columns-default is-cropped wp-block-gallery-1 is-layout-flex wp-block-gallery-is-layout-flex\">\n<figure class=\"wp-block-image size-large\"><img fetchpriority=\"high\" decoding=\"async\" width=\"828\" height=\"886\" data-id=\"1219\" src=\"https:\/\/aylu.es\/wp-content\/uploads\/2025\/10\/IMG-20251018-WA0008.jpg\" alt=\"\" class=\"wp-image-1219\" srcset=\"https:\/\/aylu.es\/wp-content\/uploads\/2025\/10\/IMG-20251018-WA0008.jpg 828w, https:\/\/aylu.es\/wp-content\/uploads\/2025\/10\/IMG-20251018-WA0008-280x300.jpg 280w, https:\/\/aylu.es\/wp-content\/uploads\/2025\/10\/IMG-20251018-WA0008-768x822.jpg 768w, https:\/\/aylu.es\/wp-content\/uploads\/2025\/10\/IMG-20251018-WA0008-816x873.jpg 816w\" sizes=\"(max-width: 828px) 100vw, 828px\" \/><\/figure>\n\n\n\n<figure class=\"wp-block-image size-large\"><img decoding=\"async\" width=\"640\" height=\"960\" data-id=\"1215\" src=\"https:\/\/aylu.es\/wp-content\/uploads\/2025\/10\/1-640x960.jpg\" alt=\"\" class=\"wp-image-1215\" srcset=\"https:\/\/aylu.es\/wp-content\/uploads\/2025\/10\/1-640x960.jpg 640w, https:\/\/aylu.es\/wp-content\/uploads\/2025\/10\/1-200x300.jpg 200w, https:\/\/aylu.es\/wp-content\/uploads\/2025\/10\/1-768x1152.jpg 768w, https:\/\/aylu.es\/wp-content\/uploads\/2025\/10\/1-1024x1536.jpg 1024w, https:\/\/aylu.es\/wp-content\/uploads\/2025\/10\/1-816x1224.jpg 816w, https:\/\/aylu.es\/wp-content\/uploads\/2025\/10\/1-1320x1980.jpg 1320w, https:\/\/aylu.es\/wp-content\/uploads\/2025\/10\/1.jpg 1365w\" sizes=\"(max-width: 640px) 100vw, 640px\" \/><\/figure>\n\n\n\n<figure class=\"wp-block-image size-large\"><img decoding=\"async\" width=\"694\" height=\"960\" data-id=\"1214\" src=\"https:\/\/aylu.es\/wp-content\/uploads\/2025\/10\/Imagen-de-WhatsApp-2025-10-19-a-las-22.24.01_9ba77764-694x960.jpg\" alt=\"\" class=\"wp-image-1214\" srcset=\"https:\/\/aylu.es\/wp-content\/uploads\/2025\/10\/Imagen-de-WhatsApp-2025-10-19-a-las-22.24.01_9ba77764-694x960.jpg 694w, https:\/\/aylu.es\/wp-content\/uploads\/2025\/10\/Imagen-de-WhatsApp-2025-10-19-a-las-22.24.01_9ba77764-217x300.jpg 217w, https:\/\/aylu.es\/wp-content\/uploads\/2025\/10\/Imagen-de-WhatsApp-2025-10-19-a-las-22.24.01_9ba77764-768x1063.jpg 768w, https:\/\/aylu.es\/wp-content\/uploads\/2025\/10\/Imagen-de-WhatsApp-2025-10-19-a-las-22.24.01_9ba77764-1110x1536.jpg 1110w, https:\/\/aylu.es\/wp-content\/uploads\/2025\/10\/Imagen-de-WhatsApp-2025-10-19-a-las-22.24.01_9ba77764-816x1129.jpg 816w, https:\/\/aylu.es\/wp-content\/uploads\/2025\/10\/Imagen-de-WhatsApp-2025-10-19-a-las-22.24.01_9ba77764.jpg 1298w\" sizes=\"(max-width: 694px) 100vw, 694px\" \/><\/figure>\n\n\n\n<figure class=\"wp-block-image size-large\"><img loading=\"lazy\" decoding=\"async\" width=\"825\" height=\"960\" data-id=\"1216\" src=\"https:\/\/aylu.es\/wp-content\/uploads\/2025\/10\/IMG-20251018-WA0009-825x960.jpg\" alt=\"\" class=\"wp-image-1216\" srcset=\"https:\/\/aylu.es\/wp-content\/uploads\/2025\/10\/IMG-20251018-WA0009-825x960.jpg 825w, https:\/\/aylu.es\/wp-content\/uploads\/2025\/10\/IMG-20251018-WA0009-258x300.jpg 258w, https:\/\/aylu.es\/wp-content\/uploads\/2025\/10\/IMG-20251018-WA0009-768x893.jpg 768w, https:\/\/aylu.es\/wp-content\/uploads\/2025\/10\/IMG-20251018-WA0009-816x949.jpg 816w, https:\/\/aylu.es\/wp-content\/uploads\/2025\/10\/IMG-20251018-WA0009.jpg 828w\" sizes=\"(max-width: 825px) 100vw, 825px\" \/><\/figure>\n\n\n\n<figure class=\"wp-block-image size-large\"><img loading=\"lazy\" decoding=\"async\" width=\"960\" height=\"669\" data-id=\"1217\" src=\"https:\/\/aylu.es\/wp-content\/uploads\/2025\/10\/Imagen-de-WhatsApp-2025-10-19-a-las-22.23.25_c4da7e90-960x669.jpg\" alt=\"\" class=\"wp-image-1217\" srcset=\"https:\/\/aylu.es\/wp-content\/uploads\/2025\/10\/Imagen-de-WhatsApp-2025-10-19-a-las-22.23.25_c4da7e90-960x669.jpg 960w, https:\/\/aylu.es\/wp-content\/uploads\/2025\/10\/Imagen-de-WhatsApp-2025-10-19-a-las-22.23.25_c4da7e90-300x209.jpg 300w, https:\/\/aylu.es\/wp-content\/uploads\/2025\/10\/Imagen-de-WhatsApp-2025-10-19-a-las-22.23.25_c4da7e90-768x535.jpg 768w, https:\/\/aylu.es\/wp-content\/uploads\/2025\/10\/Imagen-de-WhatsApp-2025-10-19-a-las-22.23.25_c4da7e90-1536x1070.jpg 1536w, https:\/\/aylu.es\/wp-content\/uploads\/2025\/10\/Imagen-de-WhatsApp-2025-10-19-a-las-22.23.25_c4da7e90-816x569.jpg 816w, https:\/\/aylu.es\/wp-content\/uploads\/2025\/10\/Imagen-de-WhatsApp-2025-10-19-a-las-22.23.25_c4da7e90-1320x920.jpg 1320w, https:\/\/aylu.es\/wp-content\/uploads\/2025\/10\/Imagen-de-WhatsApp-2025-10-19-a-las-22.23.25_c4da7e90.jpg 1965w\" sizes=\"(max-width: 960px) 100vw, 960px\" \/><\/figure>\n\n\n\n<figure class=\"wp-block-image size-large\"><img loading=\"lazy\" decoding=\"async\" width=\"720\" height=\"960\" data-id=\"1218\" src=\"https:\/\/aylu.es\/wp-content\/uploads\/2025\/10\/IMG-20251018-WA0010-720x960.jpg\" alt=\"\" class=\"wp-image-1218\" srcset=\"https:\/\/aylu.es\/wp-content\/uploads\/2025\/10\/IMG-20251018-WA0010-720x960.jpg 720w, https:\/\/aylu.es\/wp-content\/uploads\/2025\/10\/IMG-20251018-WA0010-225x300.jpg 225w, https:\/\/aylu.es\/wp-content\/uploads\/2025\/10\/IMG-20251018-WA0010-768x1024.jpg 768w, https:\/\/aylu.es\/wp-content\/uploads\/2025\/10\/IMG-20251018-WA0010-1152x1536.jpg 1152w, https:\/\/aylu.es\/wp-content\/uploads\/2025\/10\/IMG-20251018-WA0010-816x1088.jpg 816w, https:\/\/aylu.es\/wp-content\/uploads\/2025\/10\/IMG-20251018-WA0010-1320x1760.jpg 1320w, https:\/\/aylu.es\/wp-content\/uploads\/2025\/10\/IMG-20251018-WA0010.jpg 1536w\" sizes=\"(max-width: 720px) 100vw, 720px\" \/><\/figure>\n\n\n\n<figure class=\"wp-block-image size-large\"><img loading=\"lazy\" decoding=\"async\" width=\"688\" height=\"960\" data-id=\"1212\" src=\"https:\/\/aylu.es\/wp-content\/uploads\/2025\/10\/Imagen-de-WhatsApp-2025-10-19-a-las-22.24.01_e4722f81-688x960.jpg\" alt=\"\" class=\"wp-image-1212\" srcset=\"https:\/\/aylu.es\/wp-content\/uploads\/2025\/10\/Imagen-de-WhatsApp-2025-10-19-a-las-22.24.01_e4722f81-688x960.jpg 688w, https:\/\/aylu.es\/wp-content\/uploads\/2025\/10\/Imagen-de-WhatsApp-2025-10-19-a-las-22.24.01_e4722f81-215x300.jpg 215w, https:\/\/aylu.es\/wp-content\/uploads\/2025\/10\/Imagen-de-WhatsApp-2025-10-19-a-las-22.24.01_e4722f81-768x1071.jpg 768w, https:\/\/aylu.es\/wp-content\/uploads\/2025\/10\/Imagen-de-WhatsApp-2025-10-19-a-las-22.24.01_e4722f81-1101x1536.jpg 1101w, https:\/\/aylu.es\/wp-content\/uploads\/2025\/10\/Imagen-de-WhatsApp-2025-10-19-a-las-22.24.01_e4722f81-816x1138.jpg 816w, https:\/\/aylu.es\/wp-content\/uploads\/2025\/10\/Imagen-de-WhatsApp-2025-10-19-a-las-22.24.01_e4722f81.jpg 1256w\" sizes=\"(max-width: 688px) 100vw, 688px\" \/><\/figure>\n\n\n\n<figure class=\"wp-block-image size-large\"><img loading=\"lazy\" decoding=\"async\" width=\"609\" height=\"960\" data-id=\"1213\" src=\"https:\/\/aylu.es\/wp-content\/uploads\/2025\/10\/Imagen-de-WhatsApp-2025-10-19-a-las-22.24.02_7311a8f4-609x960.jpg\" alt=\"\" class=\"wp-image-1213\" srcset=\"https:\/\/aylu.es\/wp-content\/uploads\/2025\/10\/Imagen-de-WhatsApp-2025-10-19-a-las-22.24.02_7311a8f4-609x960.jpg 609w, https:\/\/aylu.es\/wp-content\/uploads\/2025\/10\/Imagen-de-WhatsApp-2025-10-19-a-las-22.24.02_7311a8f4-190x300.jpg 190w, https:\/\/aylu.es\/wp-content\/uploads\/2025\/10\/Imagen-de-WhatsApp-2025-10-19-a-las-22.24.02_7311a8f4-768x1211.jpg 768w, https:\/\/aylu.es\/wp-content\/uploads\/2025\/10\/Imagen-de-WhatsApp-2025-10-19-a-las-22.24.02_7311a8f4-974x1536.jpg 974w, https:\/\/aylu.es\/wp-content\/uploads\/2025\/10\/Imagen-de-WhatsApp-2025-10-19-a-las-22.24.02_7311a8f4-816x1287.jpg 816w, https:\/\/aylu.es\/wp-content\/uploads\/2025\/10\/Imagen-de-WhatsApp-2025-10-19-a-las-22.24.02_7311a8f4.jpg 1280w\" sizes=\"(max-width: 609px) 100vw, 609px\" \/><\/figure>\n<\/figure>\n\n\n\n<p><br><\/p>\n","protected":false},"excerpt":{"rendered":"<p>Una competici\u00f3n dif\u00edcil con bastante nivel, en la que los representantes del Aylu hicieron un excelente papel. Campeonato Regional Senior que se celebr\u00f3 en Tomelloso que daba la clasificaci\u00f3n para el Campeonato de Espa\u00f1a Sur que se celebrar\u00e1 en Guadalajara el pr\u00f3ximo d\u00eda 1 de noviembre. Erick Yago, Plata, como siempre, un aut\u00e9ntico tobog\u00e1n de [&hellip;]<\/p>\n","protected":false},"author":1,"featured_media":1223,"comment_status":"open","ping_status":"open","sticky":false,"template":"","format":"standard","meta":{"footnotes":""},"categories":[22,2],"tags":[32,58,13,53,33],"class_list":["post-1222","post","type-post","status-publish","format-standard","has-post-thumbnail","hentry","category-competiciones","category-noticias","tag-aylu","tag-aylu-guadalajara","tag-judo","tag-judo-aylu","tag-judo-guadalajara"],"_links":{"self":[{"href":"https:\/\/aylu.es\/index.php?rest_route=\/wp\/v2\/posts\/1222","targetHints":{"allow":["GET"]}}],"collection":[{"href":"https:\/\/aylu.es\/index.php?rest_route=\/wp\/v2\/posts"}],"about":[{"href":"https:\/\/aylu.es\/index.php?rest_route=\/wp\/v2\/types\/post"}],"author":[{"embeddable":true,"href":"https:\/\/aylu.es\/index.php?rest_route=\/wp\/v2\/users\/1"}],"replies":[{"embeddable":true,"href":"https:\/\/aylu.es\/index.php?rest_route=%2Fwp%2Fv2%2Fcomments&post=1222"}],"version-history":[{"count":1,"href":"https:\/\/aylu.es\/index.php?rest_route=\/wp\/v2\/posts\/1222\/revisions"}],"predecessor-version":[{"id":1224,"href":"https:\/\/aylu.es\/index.php?rest_route=\/wp\/v2\/posts\/1222\/revisions\/1224"}],"wp:featuredmedia":[{"embeddable":true,"href":"https:\/\/aylu.es\/index.php?rest_route=\/wp\/v2\/media\/1223"}],"wp:attachment":[{"href":"https:\/\/aylu.es\/index.php?rest_route=%2Fwp%2Fv2%2Fmedia&parent=1222"}],"wp:term":[{"taxonomy":"category","embeddable":true,"href":"https:\/\/aylu.es\/index.php?rest_route=%2Fwp%2Fv2%2Fcategories&post=1222"},{"taxonomy":"post_tag","embeddable":true,"href":"https:\/\/aylu.es\/index.php?rest_route=%2Fwp%2Fv2%2Ftags&post=1222"}],"curies":[{"name":"wp","href":"https:\/\/api.w.org\/{rel}","templated":true}]}}