{"id":1226,"date":"2025-11-20T16:43:32","date_gmt":"2025-11-20T16:43:32","guid":{"rendered":"https:\/\/aylu.es\/?p=1226"},"modified":"2025-11-20T16:43:34","modified_gmt":"2025-11-20T16:43:34","slug":"deporte-escolar-25-26-programa-somos-deporte-3-18","status":"publish","type":"post","link":"https:\/\/aylu.es\/?p=1226","title":{"rendered":"Deporte Escolar 25\/26: Programa Somos Deporte 3-18"},"content":{"rendered":"\n<p>Un a\u00f1o m\u00e1s, todos los deportistas escolarizados en Castilla la Mancha hasta la categor\u00eda Cadete, deben inscribirse en el programa Somos Deporte 3-18 de la Junta de Comunidades e CLM.<\/p>\n\n\n\n<p>Si ya lo hab\u00e9is hecho en otro deporte, no es necesario que lo hag\u00e1is para Judo, ya que es la misma inscripci\u00f3n, pero si es importante que nos los comuniqu\u00e9is para poder darlo de alta en la especialidad de judo.<\/p>\n\n\n\n<p>La p\u00e1gina de inscripci\u00f3n en la que se debe hacer es en este <a href=\"https:\/\/www.jccm.es\/tramites\/1003213\">ENLACE<\/a>.<\/p>\n\n\n\n<p>Os rogamos que cuanto antes nos traig\u00e1is el justificante de inscripci\u00f3n o nos avis\u00e9is de que lo ten\u00e9is hecho para otra actividad.<\/p>\n\n\n\n<figure class=\"wp-block-image size-full\"><img fetchpriority=\"high\" decoding=\"async\" width=\"800\" height=\"533\" src=\"https:\/\/aylu.es\/wp-content\/uploads\/2025\/11\/23447194380_8116aa7193_c.jpg\" alt=\"\" class=\"wp-image-1227\" srcset=\"https:\/\/aylu.es\/wp-content\/uploads\/2025\/11\/23447194380_8116aa7193_c.jpg 800w, https:\/\/aylu.es\/wp-content\/uploads\/2025\/11\/23447194380_8116aa7193_c-300x200.jpg 300w, https:\/\/aylu.es\/wp-content\/uploads\/2025\/11\/23447194380_8116aa7193_c-768x512.jpg 768w\" sizes=\"(max-width: 800px) 100vw, 800px\" \/><\/figure>\n","protected":false},"excerpt":{"rendered":"<p>Un a\u00f1o m\u00e1s, todos los deportistas escolarizados en Castilla la Mancha hasta la categor\u00eda Cadete, deben inscribirse en el programa Somos Deporte 3-18 de la Junta de Comunidades e CLM. Si ya lo hab\u00e9is hecho en otro deporte, no es necesario que lo hag\u00e1is para Judo, ya que es la misma inscripci\u00f3n, pero si es [&hellip;]<\/p>\n","protected":false},"author":3,"featured_media":1227,"comment_status":"open","ping_status":"open","sticky":false,"template":"","format":"standard","meta":{"footnotes":""},"categories":[22,2],"tags":[32,58,37,34,13,53,33],"class_list":["post-1226","post","type-post","status-publish","format-standard","has-post-thumbnail","hentry","category-competiciones","category-noticias","tag-aylu","tag-aylu-guadalajara","tag-deporte-escolar","tag-gimnasio-aylu","tag-judo","tag-judo-aylu","tag-judo-guadalajara"],"_links":{"self":[{"href":"https:\/\/aylu.es\/index.php?rest_route=\/wp\/v2\/posts\/1226","targetHints":{"allow":["GET"]}}],"collection":[{"href":"https:\/\/aylu.es\/index.php?rest_route=\/wp\/v2\/posts"}],"about":[{"href":"https:\/\/aylu.es\/index.php?rest_route=\/wp\/v2\/types\/post"}],"author":[{"embeddable":true,"href":"https:\/\/aylu.es\/index.php?rest_route=\/wp\/v2\/users\/3"}],"replies":[{"embeddable":true,"href":"https:\/\/aylu.es\/index.php?rest_route=%2Fwp%2Fv2%2Fcomments&post=1226"}],"version-history":[{"count":1,"href":"https:\/\/aylu.es\/index.php?rest_route=\/wp\/v2\/posts\/1226\/revisions"}],"predecessor-version":[{"id":1228,"href":"https:\/\/aylu.es\/index.php?rest_route=\/wp\/v2\/posts\/1226\/revisions\/1228"}],"wp:featuredmedia":[{"embeddable":true,"href":"https:\/\/aylu.es\/index.php?rest_route=\/wp\/v2\/media\/1227"}],"wp:attachment":[{"href":"https:\/\/aylu.es\/index.php?rest_route=%2Fwp%2Fv2%2Fmedia&parent=1226"}],"wp:term":[{"taxonomy":"category","embeddable":true,"href":"https:\/\/aylu.es\/index.php?rest_route=%2Fwp%2Fv2%2Fcategories&post=1226"},{"taxonomy":"post_tag","embeddable":true,"href":"https:\/\/aylu.es\/index.php?rest_route=%2Fwp%2Fv2%2Ftags&post=1226"}],"curies":[{"name":"wp","href":"https:\/\/api.w.org\/{rel}","templated":true}]}}