{"id":1229,"date":"2025-11-23T09:03:23","date_gmt":"2025-11-23T09:03:23","guid":{"rendered":"https:\/\/aylu.es\/?p=1229"},"modified":"2025-11-23T09:06:02","modified_gmt":"2025-11-23T09:06:02","slug":"los-cadetes-y-juniors-del-aylu-por-las-copas-de-espana","status":"publish","type":"post","link":"https:\/\/aylu.es\/?p=1229","title":{"rendered":"Los cadetes y juniors del Aylu, por las Copas de Espa\u00f1a"},"content":{"rendered":"\n<p>Han sido tres semanas intensas con competiciones por toda Espa\u00f1a. Por un lado, los cadetes han estado en Palos de la Frontera (Huelva) y Barbastro (Huesca) y por otro los Junior en la Super Copa de Espa\u00f1a de Colmenar Viejo.<\/p>\n\n\n\n<p><strong>Palos de la Frontera (Huelva)<\/strong>. Nuestro representante Alvaro Segovia roz\u00f3 la perfecci\u00f3n en una competici\u00f3n muy dura y en la que tuvo que hacer un buen n\u00famero de combates para llegar a disputar la medalla de bronce. Lleg\u00f3 a la semifinal haciendo una gran competici\u00f3n y venciendo muchos nervios. Perdi\u00f3 el paso a la final y la disputa del bronce. Al final, un quinto puesto , que parece que no es nada pero en realidad lo se. Le supone sus primeros puntos en el Ranking Nacional y sobre todo una buena puesta a punto para lo que nos viene. En esta competici\u00f3n estuvo asistido por el incombustible Rodrigo Vazquez.<\/p>\n\n\n\n<figure class=\"wp-block-gallery has-nested-images columns-default is-cropped wp-block-gallery-1 is-layout-flex wp-block-gallery-is-layout-flex\">\n<figure class=\"wp-block-image size-large\"><img fetchpriority=\"high\" decoding=\"async\" width=\"720\" height=\"960\" data-id=\"1232\" src=\"https:\/\/aylu.es\/wp-content\/uploads\/2025\/11\/HUELVA-3-720x960.jpg\" alt=\"\" class=\"wp-image-1232\" srcset=\"https:\/\/aylu.es\/wp-content\/uploads\/2025\/11\/HUELVA-3-720x960.jpg 720w, https:\/\/aylu.es\/wp-content\/uploads\/2025\/11\/HUELVA-3-225x300.jpg 225w, https:\/\/aylu.es\/wp-content\/uploads\/2025\/11\/HUELVA-3-768x1024.jpg 768w, https:\/\/aylu.es\/wp-content\/uploads\/2025\/11\/HUELVA-3-1152x1536.jpg 1152w, https:\/\/aylu.es\/wp-content\/uploads\/2025\/11\/HUELVA-3-816x1088.jpg 816w, https:\/\/aylu.es\/wp-content\/uploads\/2025\/11\/HUELVA-3.jpg 1200w\" sizes=\"(max-width: 720px) 100vw, 720px\" \/><\/figure>\n\n\n\n<figure class=\"wp-block-image size-large\"><img decoding=\"async\" width=\"540\" height=\"960\" data-id=\"1230\" src=\"https:\/\/aylu.es\/wp-content\/uploads\/2025\/11\/HUELVA-4-540x960.jpg\" alt=\"\" class=\"wp-image-1230\" srcset=\"https:\/\/aylu.es\/wp-content\/uploads\/2025\/11\/HUELVA-4-540x960.jpg 540w, https:\/\/aylu.es\/wp-content\/uploads\/2025\/11\/HUELVA-4-169x300.jpg 169w, https:\/\/aylu.es\/wp-content\/uploads\/2025\/11\/HUELVA-4-768x1365.jpg 768w, https:\/\/aylu.es\/wp-content\/uploads\/2025\/11\/HUELVA-4-864x1536.jpg 864w, https:\/\/aylu.es\/wp-content\/uploads\/2025\/11\/HUELVA-4-816x1451.jpg 816w, https:\/\/aylu.es\/wp-content\/uploads\/2025\/11\/HUELVA-4.jpg 900w\" sizes=\"(max-width: 540px) 100vw, 540px\" \/><\/figure>\n\n\n\n<figure class=\"wp-block-image size-large\"><img decoding=\"async\" width=\"540\" height=\"960\" data-id=\"1233\" src=\"https:\/\/aylu.es\/wp-content\/uploads\/2025\/11\/HUELVA-540x960.jpg\" alt=\"\" class=\"wp-image-1233\" srcset=\"https:\/\/aylu.es\/wp-content\/uploads\/2025\/11\/HUELVA-540x960.jpg 540w, https:\/\/aylu.es\/wp-content\/uploads\/2025\/11\/HUELVA-169x300.jpg 169w, https:\/\/aylu.es\/wp-content\/uploads\/2025\/11\/HUELVA-768x1365.jpg 768w, https:\/\/aylu.es\/wp-content\/uploads\/2025\/11\/HUELVA-864x1536.jpg 864w, https:\/\/aylu.es\/wp-content\/uploads\/2025\/11\/HUELVA-816x1451.jpg 816w, https:\/\/aylu.es\/wp-content\/uploads\/2025\/11\/HUELVA.jpg 900w\" sizes=\"(max-width: 540px) 100vw, 540px\" \/><\/figure>\n\n\n\n<figure class=\"wp-block-image size-large\"><img loading=\"lazy\" decoding=\"async\" width=\"540\" height=\"960\" data-id=\"1231\" src=\"https:\/\/aylu.es\/wp-content\/uploads\/2025\/11\/HUELVA-2-540x960.jpg\" alt=\"\" class=\"wp-image-1231\" srcset=\"https:\/\/aylu.es\/wp-content\/uploads\/2025\/11\/HUELVA-2-540x960.jpg 540w, https:\/\/aylu.es\/wp-content\/uploads\/2025\/11\/HUELVA-2-169x300.jpg 169w, https:\/\/aylu.es\/wp-content\/uploads\/2025\/11\/HUELVA-2-768x1365.jpg 768w, https:\/\/aylu.es\/wp-content\/uploads\/2025\/11\/HUELVA-2-864x1536.jpg 864w, https:\/\/aylu.es\/wp-content\/uploads\/2025\/11\/HUELVA-2-816x1451.jpg 816w, https:\/\/aylu.es\/wp-content\/uploads\/2025\/11\/HUELVA-2.jpg 1152w\" sizes=\"(max-width: 540px) 100vw, 540px\" \/><\/figure>\n<\/figure>\n\n\n\n<p><strong>Barbastro (Huesca).<\/strong> Por segunda vez tenemos representantes en esta importante Copa. Al ser por la zona Norte, esta copa estaba plagada de competidores de Catalu\u00f1a, Pais Vasco y sobre todo Arag\u00f3n. Tal vez las comunidades m\u00e1s fuertes en el Deporte Escolar (Arag\u00f3n venci\u00f3 por equipos el a\u00f1o pasado), por lo que se preve\u00eda una Copa dura, ideal para hacer combates y sumas experiencias.<\/p>\n\n\n\n<figure class=\"wp-block-gallery has-nested-images columns-default is-cropped wp-block-gallery-2 is-layout-flex wp-block-gallery-is-layout-flex\">\n<figure class=\"wp-block-image size-large\"><img loading=\"lazy\" decoding=\"async\" width=\"720\" height=\"960\" data-id=\"1236\" src=\"https:\/\/aylu.es\/wp-content\/uploads\/2025\/11\/b-1-720x960.jpg\" alt=\"\" class=\"wp-image-1236\" srcset=\"https:\/\/aylu.es\/wp-content\/uploads\/2025\/11\/b-1-720x960.jpg 720w, https:\/\/aylu.es\/wp-content\/uploads\/2025\/11\/b-1-225x300.jpg 225w, https:\/\/aylu.es\/wp-content\/uploads\/2025\/11\/b-1-768x1024.jpg 768w, https:\/\/aylu.es\/wp-content\/uploads\/2025\/11\/b-1-1152x1536.jpg 1152w, https:\/\/aylu.es\/wp-content\/uploads\/2025\/11\/b-1-816x1088.jpg 816w, https:\/\/aylu.es\/wp-content\/uploads\/2025\/11\/b-1.jpg 1200w\" sizes=\"(max-width: 720px) 100vw, 720px\" \/><\/figure>\n\n\n\n<figure class=\"wp-block-image size-large\"><img loading=\"lazy\" decoding=\"async\" width=\"720\" height=\"960\" data-id=\"1235\" src=\"https:\/\/aylu.es\/wp-content\/uploads\/2025\/11\/b2-720x960.jpg\" alt=\"\" class=\"wp-image-1235\" srcset=\"https:\/\/aylu.es\/wp-content\/uploads\/2025\/11\/b2-720x960.jpg 720w, https:\/\/aylu.es\/wp-content\/uploads\/2025\/11\/b2-225x300.jpg 225w, https:\/\/aylu.es\/wp-content\/uploads\/2025\/11\/b2-768x1024.jpg 768w, https:\/\/aylu.es\/wp-content\/uploads\/2025\/11\/b2-1152x1536.jpg 1152w, https:\/\/aylu.es\/wp-content\/uploads\/2025\/11\/b2-816x1088.jpg 816w, https:\/\/aylu.es\/wp-content\/uploads\/2025\/11\/b2.jpg 1200w\" sizes=\"(max-width: 720px) 100vw, 720px\" \/><\/figure>\n<\/figure>\n\n\n\n<p>Alvaro Agarrabeitia no tuvo suerte ya que en el primer combate le toc\u00f3 con uno de los gallitos de la categor\u00eda y nada pudo hacer ante \u00e9l. La mala suerte se ali\u00f3 con Agarra y en el siguiente combate perdi\u00f3 el que le gan\u00f3, por lo que no puedo entrar en repesca.<\/p>\n\n\n\n<p>Daniel Hernandez, en 60 kilos, tal vez la categor\u00eda m\u00e1s fuerte, nos dej\u00f3 a todos sorprendidos. Serio, con las cosas claras y corrigiendo algunos errores que cometi\u00f3 en anteriores competiciones. Gan\u00f3 dos combates muy duros y perdi\u00f3 el tercero. Repesc\u00f3 y perdi\u00f3 el que le daba el pase a disputar el combate de la medalla de bronce.<\/p>\n\n\n\n<p>Alvaro Segovia sigue creciendo competici\u00f3n tras competici\u00f3n. 50 kilos tamb\u00eden es dura, sobre todo porque hay mucha gente y para llegar a sacar alg\u00fan resultado hay que ganar muchos combates. Valga como ejemplo que Alvaro hizo m\u00e1s combates que el qued\u00f3 campe\u00f3n y se qued\u00f3 en s\u00e9ptimo puesto. Comenz\u00f3 la competici\u00f3n muy bien venciendo a un medallista nacional del a\u00f1o pasado, en un combate serio y sabiendo muy bien lo que ten\u00eda que hacer. Dos combates m\u00e1s hasta que en el pase a semifinal perdi\u00f3 contra el campe\u00f3n.  Repesc\u00f3, gan\u00f3 un combate m\u00e1s pero perdi\u00f3 el que le daba pase a la disputa del bronce.<\/p>\n\n\n\n<p>Nia Kizanishvili reaparece en unan Copa de Espa\u00f1a en un peso nuevo para ella. 63 kilos es un peso complicado ya que a\u00fana la velocidad y la potencia. Libr\u00f3 el primer combate y el segundo le toc\u00f3 con la m\u00e1s fuerte de la categor\u00eda y al final campeona. La tuvo, pudo ganarla, marc\u00f3 un wazaari y la tuvo inmovilizada&#8230; pero, se escapo y al final termin\u00f3 cayendo tambi\u00e9n en osaekomi. <\/p>\n\n\n\n<p>Hizo otros dos combates de repesca pero el que le daba el pase a la disputa del bronce lo perdi\u00f3. <\/p>\n\n\n\n<p>Buen balance para los cadetes que siguen con su puesta a punto de cara al Campeonato Regional de Deporte Escolar.<\/p>\n\n\n\n<p><strong>Colmenar Viejo (Madrid).<\/strong> Nuestros tres guerreros, Carlos Encijo, Erick Yago y Alex Pordomingo lo ten\u00edan muy dif\u00edcil. Pesos muy complicados, 60 y 66 kilos, con judokas muy expertos y con much\u00edsimos contrincantes.<\/p>\n\n\n\n<figure class=\"wp-block-image size-large\"><img loading=\"lazy\" decoding=\"async\" width=\"1536\" height=\"1172\" src=\"https:\/\/aylu.es\/wp-content\/uploads\/2025\/10\/3-960x733.jpg\" alt=\"\" class=\"wp-image-1223\" srcset=\"https:\/\/aylu.es\/wp-content\/uploads\/2025\/10\/3-960x733.jpg 960w, https:\/\/aylu.es\/wp-content\/uploads\/2025\/10\/3-300x229.jpg 300w, https:\/\/aylu.es\/wp-content\/uploads\/2025\/10\/3-768x586.jpg 768w, https:\/\/aylu.es\/wp-content\/uploads\/2025\/10\/3-816x623.jpg 816w, https:\/\/aylu.es\/wp-content\/uploads\/2025\/10\/3-1320x1007.jpg 1320w, https:\/\/aylu.es\/wp-content\/uploads\/2025\/10\/3.jpg 1536w\" sizes=\"(max-width: 1536px) 100vw, 1536px\" \/><\/figure>\n\n\n\n<p>Se lo tomaron como un entrenamiento m\u00e1s de cara al campeonato regional junior que tendremos en breve y lo mas importante fueron los minutos que estuvieron en el tatami sumando experiencia y aprendiendo.<\/p>\n","protected":false},"excerpt":{"rendered":"<p>Han sido tres semanas intensas con competiciones por toda Espa\u00f1a. Por un lado, los cadetes han estado en Palos de la Frontera (Huelva) y Barbastro (Huesca) y por otro los Junior en la Super Copa de Espa\u00f1a de Colmenar Viejo. Palos de la Frontera (Huelva). Nuestro representante Alvaro Segovia roz\u00f3 la perfecci\u00f3n en una competici\u00f3n [&hellip;]<\/p>\n","protected":false},"author":1,"featured_media":1232,"comment_status":"open","ping_status":"open","sticky":false,"template":"","format":"standard","meta":{"footnotes":""},"categories":[22,2],"tags":[32,58,37,34,13,53,33],"class_list":["post-1229","post","type-post","status-publish","format-standard","has-post-thumbnail","hentry","category-competiciones","category-noticias","tag-aylu","tag-aylu-guadalajara","tag-deporte-escolar","tag-gimnasio-aylu","tag-judo","tag-judo-aylu","tag-judo-guadalajara"],"_links":{"self":[{"href":"https:\/\/aylu.es\/index.php?rest_route=\/wp\/v2\/posts\/1229","targetHints":{"allow":["GET"]}}],"collection":[{"href":"https:\/\/aylu.es\/index.php?rest_route=\/wp\/v2\/posts"}],"about":[{"href":"https:\/\/aylu.es\/index.php?rest_route=\/wp\/v2\/types\/post"}],"author":[{"embeddable":true,"href":"https:\/\/aylu.es\/index.php?rest_route=\/wp\/v2\/users\/1"}],"replies":[{"embeddable":true,"href":"https:\/\/aylu.es\/index.php?rest_route=%2Fwp%2Fv2%2Fcomments&post=1229"}],"version-history":[{"count":2,"href":"https:\/\/aylu.es\/index.php?rest_route=\/wp\/v2\/posts\/1229\/revisions"}],"predecessor-version":[{"id":1237,"href":"https:\/\/aylu.es\/index.php?rest_route=\/wp\/v2\/posts\/1229\/revisions\/1237"}],"wp:featuredmedia":[{"embeddable":true,"href":"https:\/\/aylu.es\/index.php?rest_route=\/wp\/v2\/media\/1232"}],"wp:attachment":[{"href":"https:\/\/aylu.es\/index.php?rest_route=%2Fwp%2Fv2%2Fmedia&parent=1229"}],"wp:term":[{"taxonomy":"category","embeddable":true,"href":"https:\/\/aylu.es\/index.php?rest_route=%2Fwp%2Fv2%2Fcategories&post=1229"},{"taxonomy":"post_tag","embeddable":true,"href":"https:\/\/aylu.es\/index.php?rest_route=%2Fwp%2Fv2%2Ftags&post=1229"}],"curies":[{"name":"wp","href":"https:\/\/api.w.org\/{rel}","templated":true}]}}