{"id":1396,"date":"2026-08-31T09:32:01","date_gmt":"2026-08-31T09:32:01","guid":{"rendered":"https:\/\/aylu.es\/?p=1396"},"modified":"2026-08-31T09:32:03","modified_gmt":"2026-08-31T09:32:03","slug":"alvaro-segovia-y-lucas-pordomingo-en-la-concentracion-nacional-en-el-car-de-murcia","status":"publish","type":"post","link":"https:\/\/aylu.es\/?p=1396","title":{"rendered":"Alvaro Segovia y Lucas Pordomingo en la Concentraci\u00f3n Nacional en el CAR de Murcia"},"content":{"rendered":"\n<p class=\"wp-block-paragraph\">Los dos guerreros del Aylu viajaron hasta tierras murcianas para dejarse la piel en unos entrenamientos organizados por la Federaci\u00f3n Murciana. <br>Adem\u00e1s de los propios judokas muricanos, otros muchos de la zona de Levante y Andaluc\u00eda, madrile\u00f1os, gallegos, vascos y casi toda la geograf\u00eda nacional y Portugal, los alcarre\u00f1os sudaron de lo lindo durante 4 intensos d\u00edas de entrenamiento.<\/p>\n\n\n\n<figure class=\"wp-block-image size-large\"><img loading=\"lazy\" decoding=\"async\" width=\"960\" height=\"704\" src=\"https:\/\/aylu.es\/wp-content\/uploads\/2026\/08\/575b5035-db1d-4867-bcad-ef9eb2a60ebf-960x704.jpg\" alt=\"\" class=\"wp-image-1398\" srcset=\"https:\/\/aylu.es\/wp-content\/uploads\/2026\/08\/575b5035-db1d-4867-bcad-ef9eb2a60ebf-960x704.jpg 960w, https:\/\/aylu.es\/wp-content\/uploads\/2026\/08\/575b5035-db1d-4867-bcad-ef9eb2a60ebf-768x563.jpg 768w, https:\/\/aylu.es\/wp-content\/uploads\/2026\/08\/575b5035-db1d-4867-bcad-ef9eb2a60ebf-300x220.jpg 300w, https:\/\/aylu.es\/wp-content\/uploads\/2026\/08\/575b5035-db1d-4867-bcad-ef9eb2a60ebf-816x598.jpg 816w, https:\/\/aylu.es\/wp-content\/uploads\/2026\/08\/575b5035-db1d-4867-bcad-ef9eb2a60ebf.jpg 1020w\" sizes=\"auto, (max-width: 960px) 100vw, 960px\" \/><\/figure>\n\n\n\n<p class=\"wp-block-paragraph\">Ha sido una buena piedra de toque para ver el nivel que tenemos despu\u00e9s del par\u00f3n veraniego y la verdad es que no se ha dado nada mal. Muchos randoris, puesta a punto t\u00e9cnica y t\u00e1ctica y algunos consejos de arbitraje han sido la nota predominante de los entrenamientos divididos en jornadas de ma\u00f1ana y tarde.<\/p>\n\n\n\n<p class=\"wp-block-paragraph\">Ahora toca planificar la temporada con diversas salidas a Copas de Espa\u00f1a a la espera de la llegada del Deporte Escolar.<\/p>\n\n\n\n<figure class=\"wp-block-image size-large\"><img loading=\"lazy\" decoding=\"async\" width=\"766\" height=\"960\" src=\"https:\/\/aylu.es\/wp-content\/uploads\/2026\/08\/d136007f-dbad-47e7-a2f0-b9490f85462f-766x960.jpg\" alt=\"\" class=\"wp-image-1397\" srcset=\"https:\/\/aylu.es\/wp-content\/uploads\/2026\/08\/d136007f-dbad-47e7-a2f0-b9490f85462f-766x960.jpg 766w, https:\/\/aylu.es\/wp-content\/uploads\/2026\/08\/d136007f-dbad-47e7-a2f0-b9490f85462f-239x300.jpg 239w, https:\/\/aylu.es\/wp-content\/uploads\/2026\/08\/d136007f-dbad-47e7-a2f0-b9490f85462f-768x962.jpg 768w, https:\/\/aylu.es\/wp-content\/uploads\/2026\/08\/d136007f-dbad-47e7-a2f0-b9490f85462f-816x1022.jpg 816w, https:\/\/aylu.es\/wp-content\/uploads\/2026\/08\/d136007f-dbad-47e7-a2f0-b9490f85462f.jpg 1170w\" sizes=\"auto, (max-width: 766px) 100vw, 766px\" \/><\/figure>\n","protected":false},"excerpt":{"rendered":"<p>Los dos guerreros del Aylu viajaron hasta tierras murcianas para dejarse la piel en unos entrenamientos organizados por la Federaci\u00f3n Murciana. Adem\u00e1s de los propios judokas muricanos, otros muchos de la zona de Levante y Andaluc\u00eda, madrile\u00f1os, gallegos, vascos y casi toda la geograf\u00eda nacional y Portugal, los alcarre\u00f1os sudaron de lo lindo durante 4 [&hellip;]<\/p>\n","protected":false},"author":1,"featured_media":1399,"comment_status":"open","ping_status":"open","sticky":false,"template":"","format":"standard","meta":{"footnotes":""},"categories":[2],"tags":[32,37,34,36,13,33],"class_list":["post-1396","post","type-post","status-publish","format-standard","has-post-thumbnail","hentry","category-noticias","tag-aylu","tag-deporte-escolar","tag-gimnasio-aylu","tag-guadalajara","tag-judo","tag-judo-guadalajara"],"_links":{"self":[{"href":"https:\/\/aylu.es\/index.php?rest_route=\/wp\/v2\/posts\/1396","targetHints":{"allow":["GET"]}}],"collection":[{"href":"https:\/\/aylu.es\/index.php?rest_route=\/wp\/v2\/posts"}],"about":[{"href":"https:\/\/aylu.es\/index.php?rest_route=\/wp\/v2\/types\/post"}],"author":[{"embeddable":true,"href":"https:\/\/aylu.es\/index.php?rest_route=\/wp\/v2\/users\/1"}],"replies":[{"embeddable":true,"href":"https:\/\/aylu.es\/index.php?rest_route=%2Fwp%2Fv2%2Fcomments&post=1396"}],"version-history":[{"count":1,"href":"https:\/\/aylu.es\/index.php?rest_route=\/wp\/v2\/posts\/1396\/revisions"}],"predecessor-version":[{"id":1400,"href":"https:\/\/aylu.es\/index.php?rest_route=\/wp\/v2\/posts\/1396\/revisions\/1400"}],"wp:featuredmedia":[{"embeddable":true,"href":"https:\/\/aylu.es\/index.php?rest_route=\/wp\/v2\/media\/1399"}],"wp:attachment":[{"href":"https:\/\/aylu.es\/index.php?rest_route=%2Fwp%2Fv2%2Fmedia&parent=1396"}],"wp:term":[{"taxonomy":"category","embeddable":true,"href":"https:\/\/aylu.es\/index.php?rest_route=%2Fwp%2Fv2%2Fcategories&post=1396"},{"taxonomy":"post_tag","embeddable":true,"href":"https:\/\/aylu.es\/index.php?rest_route=%2Fwp%2Fv2%2Ftags&post=1396"}],"curies":[{"name":"wp","href":"https:\/\/api.w.org\/{rel}","templated":true}]}}