{"id":151,"date":"2019-04-23T19:31:13","date_gmt":"2019-04-23T19:31:13","guid":{"rendered":"http:\/\/aylu.es\/?p=151"},"modified":"2019-04-23T19:37:03","modified_gmt":"2019-04-23T19:37:03","slug":"berta-merino-y-nerea-sanz-a-la-final-de-campeonato-de-espana-escolar","status":"publish","type":"post","link":"https:\/\/aylu.es\/?p=151","title":{"rendered":"Berta Merino y Nerea Sanz, a la Final de Campeonato de Espa\u00f1a Escolar"},"content":{"rendered":"\n<p>Durante el fin de semana del 27 de abril, nuestras representantes estar\u00e1n en Valencia defendiendo los colores de nuestra Federaci\u00f3n.<\/p>\n\n\n\n<div class=\"wp-block-image\"><figure class=\"alignleft is-resized\"><img fetchpriority=\"high\" decoding=\"async\" src=\"http:\/\/aylu.es\/wp-content\/uploads\/2019\/04\/berne-769x1024.jpg\" alt=\"\" class=\"wp-image-159\" width=\"219\" height=\"292\" srcset=\"https:\/\/aylu.es\/wp-content\/uploads\/2019\/04\/berne-769x1024.jpg 769w, https:\/\/aylu.es\/wp-content\/uploads\/2019\/04\/berne-225x300.jpg 225w, https:\/\/aylu.es\/wp-content\/uploads\/2019\/04\/berne-768x1022.jpg 768w, https:\/\/aylu.es\/wp-content\/uploads\/2019\/04\/berne-720x958.jpg 720w, https:\/\/aylu.es\/wp-content\/uploads\/2019\/04\/berne-560x745.jpg 560w\" sizes=\"(max-width: 219px) 100vw, 219px\" \/><\/figure><\/div>\n\n\n\n<p>Nerea Sanz, que acude como clasificada directa al quedar Campeona en su categor\u00eda, participa por cuarta vez en la Fase Final.<\/p>\n\n\n\n<p>Berta Merino, que acude como plaza extra, quedo en segunda posici\u00f3n en el Campeonato Regional y es su segunda participacion en una Fase Final.<\/p>\n","protected":false},"excerpt":{"rendered":"<p>Durante el fin de semana del 27 de abril, nuestras representantes estar\u00e1n en Valencia defendiendo los colores de nuestra Federaci\u00f3n. Nerea Sanz, que acude como clasificada directa al quedar Campeona en su categor\u00eda, participa por cuarta vez en la Fase Final. Berta Merino, que acude como plaza extra, quedo en segunda posici\u00f3n en el Campeonato [&hellip;]<\/p>\n","protected":false},"author":1,"featured_media":159,"comment_status":"open","ping_status":"open","sticky":false,"template":"","format":"standard","meta":{"footnotes":""},"categories":[2],"tags":[19,17,13,18],"class_list":["post-151","post","type-post","status-publish","format-standard","has-post-thumbnail","hentry","category-noticias","tag-campeonatoespanaescolarjudo","tag-escolarjudo","tag-judo","tag-valenciajudo"],"_links":{"self":[{"href":"https:\/\/aylu.es\/index.php?rest_route=\/wp\/v2\/posts\/151","targetHints":{"allow":["GET"]}}],"collection":[{"href":"https:\/\/aylu.es\/index.php?rest_route=\/wp\/v2\/posts"}],"about":[{"href":"https:\/\/aylu.es\/index.php?rest_route=\/wp\/v2\/types\/post"}],"author":[{"embeddable":true,"href":"https:\/\/aylu.es\/index.php?rest_route=\/wp\/v2\/users\/1"}],"replies":[{"embeddable":true,"href":"https:\/\/aylu.es\/index.php?rest_route=%2Fwp%2Fv2%2Fcomments&post=151"}],"version-history":[{"count":1,"href":"https:\/\/aylu.es\/index.php?rest_route=\/wp\/v2\/posts\/151\/revisions"}],"predecessor-version":[{"id":160,"href":"https:\/\/aylu.es\/index.php?rest_route=\/wp\/v2\/posts\/151\/revisions\/160"}],"wp:featuredmedia":[{"embeddable":true,"href":"https:\/\/aylu.es\/index.php?rest_route=\/wp\/v2\/media\/159"}],"wp:attachment":[{"href":"https:\/\/aylu.es\/index.php?rest_route=%2Fwp%2Fv2%2Fmedia&parent=151"}],"wp:term":[{"taxonomy":"category","embeddable":true,"href":"https:\/\/aylu.es\/index.php?rest_route=%2Fwp%2Fv2%2Fcategories&post=151"},{"taxonomy":"post_tag","embeddable":true,"href":"https:\/\/aylu.es\/index.php?rest_route=%2Fwp%2Fv2%2Ftags&post=151"}],"curies":[{"name":"wp","href":"https:\/\/api.w.org\/{rel}","templated":true}]}}