{"id":232,"date":"2019-11-21T16:22:05","date_gmt":"2019-11-21T16:22:05","guid":{"rendered":"http:\/\/aylu.es\/?p=232"},"modified":"2019-11-21T16:22:07","modified_gmt":"2019-11-21T16:22:07","slug":"cris-bursuc-nuestro-personal-trainer-campeon-de-espana-de-biketrial","status":"publish","type":"post","link":"https:\/\/aylu.es\/?p=232","title":{"rendered":"Cris Bursuc, nuestro \u00abpersonal trainer\u00bb Campe\u00f3n de Espa\u00f1a de BikeTrial"},"content":{"rendered":"\n<p>Nuestro amigo y compa\u00f1ero, responsable de la actividad <a href=\"http:\/\/aylu.es\/quieres-perder-peso-y-ponerte-en-forma-tenemos-la-solucion\">ENTRENAMIENTO FUNCIONAL <\/a> , se ha proclamado Campe\u00f3n de Espa\u00f1a de BIKETRIAL en la localidad de La Pobla de Claramunt, \u00faltima prueba de las tres que ha tenido el campeoanto.<\/p>\n\n\n\n<figure class=\"wp-block-image\"><img fetchpriority=\"high\" decoding=\"async\" width=\"1024\" height=\"720\" src=\"http:\/\/aylu.es\/wp-content\/uploads\/2019\/11\/48826824121_29d9b0cfe6_o-1024x720.jpg\" alt=\"\" class=\"wp-image-233\" srcset=\"https:\/\/aylu.es\/wp-content\/uploads\/2019\/11\/48826824121_29d9b0cfe6_o-1024x720.jpg 1024w, https:\/\/aylu.es\/wp-content\/uploads\/2019\/11\/48826824121_29d9b0cfe6_o-300x211.jpg 300w, https:\/\/aylu.es\/wp-content\/uploads\/2019\/11\/48826824121_29d9b0cfe6_o-768x540.jpg 768w, https:\/\/aylu.es\/wp-content\/uploads\/2019\/11\/48826824121_29d9b0cfe6_o-720x506.jpg 720w, https:\/\/aylu.es\/wp-content\/uploads\/2019\/11\/48826824121_29d9b0cfe6_o-560x394.jpg 560w, https:\/\/aylu.es\/wp-content\/uploads\/2019\/11\/48826824121_29d9b0cfe6_o.jpg 1200w\" sizes=\"(max-width: 1024px) 100vw, 1024px\" \/><\/figure>\n\n\n\n<p><\/p>\n\n\n\n<p>Con esto da por finalizada la temporada 2019 con los mejores resultados de su carrera deportiva:<\/p>\n\n\n\n<p>&#8212; BRONCE EN EL CAMPEONATO DEL MUNDO<\/p>\n\n\n\n<p>&#8211;CAMPEON DE EUROPA<\/p>\n\n\n\n<p>&#8212; CAMPEON DE ESPA\u00d1A COPA INDOOR<\/p>\n\n\n\n<p>&#8212; CAMPEON DE ESPA\u00d1A OUTDOOR<\/p>\n\n\n\n<p><\/p>\n\n\n\n<p><\/p>\n","protected":false},"excerpt":{"rendered":"<p>Nuestro amigo y compa\u00f1ero, responsable de la actividad ENTRENAMIENTO FUNCIONAL , se ha proclamado Campe\u00f3n de Espa\u00f1a de BIKETRIAL en la localidad de La Pobla de Claramunt, \u00faltima prueba de las tres que ha tenido el campeoanto. Con esto da por finalizada la temporada 2019 con los mejores resultados de su carrera deportiva: &#8212; BRONCE [&hellip;]<\/p>\n","protected":false},"author":1,"featured_media":234,"comment_status":"open","ping_status":"open","sticky":false,"template":"","format":"standard","meta":{"footnotes":""},"categories":[2],"tags":[],"class_list":["post-232","post","type-post","status-publish","format-standard","has-post-thumbnail","hentry","category-noticias"],"_links":{"self":[{"href":"https:\/\/aylu.es\/index.php?rest_route=\/wp\/v2\/posts\/232","targetHints":{"allow":["GET"]}}],"collection":[{"href":"https:\/\/aylu.es\/index.php?rest_route=\/wp\/v2\/posts"}],"about":[{"href":"https:\/\/aylu.es\/index.php?rest_route=\/wp\/v2\/types\/post"}],"author":[{"embeddable":true,"href":"https:\/\/aylu.es\/index.php?rest_route=\/wp\/v2\/users\/1"}],"replies":[{"embeddable":true,"href":"https:\/\/aylu.es\/index.php?rest_route=%2Fwp%2Fv2%2Fcomments&post=232"}],"version-history":[{"count":1,"href":"https:\/\/aylu.es\/index.php?rest_route=\/wp\/v2\/posts\/232\/revisions"}],"predecessor-version":[{"id":235,"href":"https:\/\/aylu.es\/index.php?rest_route=\/wp\/v2\/posts\/232\/revisions\/235"}],"wp:featuredmedia":[{"embeddable":true,"href":"https:\/\/aylu.es\/index.php?rest_route=\/wp\/v2\/media\/234"}],"wp:attachment":[{"href":"https:\/\/aylu.es\/index.php?rest_route=%2Fwp%2Fv2%2Fmedia&parent=232"}],"wp:term":[{"taxonomy":"category","embeddable":true,"href":"https:\/\/aylu.es\/index.php?rest_route=%2Fwp%2Fv2%2Fcategories&post=232"},{"taxonomy":"post_tag","embeddable":true,"href":"https:\/\/aylu.es\/index.php?rest_route=%2Fwp%2Fv2%2Ftags&post=232"}],"curies":[{"name":"wp","href":"https:\/\/api.w.org\/{rel}","templated":true}]}}