{"id":393,"date":"2020-09-14T14:32:12","date_gmt":"2020-09-14T14:32:12","guid":{"rendered":"https:\/\/aylu.es\/?p=393"},"modified":"2020-09-14T14:32:22","modified_gmt":"2020-09-14T14:32:22","slug":"ampliamos-horario-infantil-en-septiembre","status":"publish","type":"post","link":"https:\/\/aylu.es\/?p=393","title":{"rendered":"Ampliamos horario infantil en septiembre"},"content":{"rendered":"\n<h3 class=\"has-red-color has-text-color wp-block-heading\">Desde ma\u00f1ana dia 15, martes y jueves a las 18:00 para los m\u00e1s peque\u00f1os!!!!<\/h3>\n\n\n\n<p>Parece que no iba a llegar pero septiembre ya est\u00e1 aqu\u00ed y todos tenemos ganas de empezar a hacer judo. Los horarios para Julian Besteiro son, martes y jueves, 18:00 horas los m\u00e1s chiquitines hasta 10 a\u00f1os aprox., a las 19:00 hasta 14 a\u00f1os y a las 20:00 horas a partir de 14 a\u00f1os.<\/p>\n\n\n\n<p>Seguimos con las mismas normas de entrada y salida en el gimnasio con todos los protocolos de seguridad que tenemos a nuestro alcance. Continuamos sin contacto directo y trabajando con \u00abestudio sin compa\u00f1ero\u00bb.<\/p>\n\n\n\n<p>Os adjuntamos un documento con todas las normas y el enlace para solicitar la cita previa. Tenemos, por aforo, limitaciones de 15 participantes por clase, as\u00ed que no lo dej\u00e9is para el \u00faltimo momento.<\/p>\n\n\n\n<p><a rel=\"noreferrer noopener\" href=\"https:\/\/www.supersaas.es\/schedule\/aylu\/HORARIO_CLASES\" target=\"_blank\">ENLACE A CITA PREVIA<\/a><\/p>\n\n\n\n<figure class=\"wp-block-image size-large is-resized\"><a href=\"https:\/\/www.supersaas.es\/schedule\/aylu\/HORARIO_CLASES\"><img decoding=\"async\" src=\"https:\/\/aylu.es\/wp-content\/uploads\/2020\/05\/cita-previa.png\" alt=\"\" class=\"wp-image-350\" width=\"145\" height=\"100\"\/><\/a><\/figure>\n\n\n<a href=\"https:\/\/aylu.es\/wp-content\/uploads\/2020\/05\/normas-2.pdf\" class=\"pdfemb-viewer\" style=\"\" data-width=\"max\" data-height=\"max\" data-toolbar=\"bottom\" data-toolbar-fixed=\"off\">normas-2<\/a>\n<p class=\"wp-block-pdfemb-pdf-embedder-viewer\"><\/p>\n","protected":false},"excerpt":{"rendered":"<p>Desde ma\u00f1ana dia 15, martes y jueves a las 18:00 para los m\u00e1s peque\u00f1os!!!! Parece que no iba a llegar pero septiembre ya est\u00e1 aqu\u00ed y todos tenemos ganas de empezar a hacer judo. Los horarios para Julian Besteiro son, martes y jueves, 18:00 horas los m\u00e1s chiquitines hasta 10 a\u00f1os aprox., a las 19:00 [&hellip;]<\/p>\n","protected":false},"author":1,"featured_media":394,"comment_status":"open","ping_status":"open","sticky":false,"template":"","format":"standard","meta":{"footnotes":""},"categories":[7,2],"tags":[],"class_list":["post-393","post","type-post","status-publish","format-standard","has-post-thumbnail","hentry","category-cuotas-horarios-y-actvidades","category-noticias"],"_links":{"self":[{"href":"https:\/\/aylu.es\/index.php?rest_route=\/wp\/v2\/posts\/393","targetHints":{"allow":["GET"]}}],"collection":[{"href":"https:\/\/aylu.es\/index.php?rest_route=\/wp\/v2\/posts"}],"about":[{"href":"https:\/\/aylu.es\/index.php?rest_route=\/wp\/v2\/types\/post"}],"author":[{"embeddable":true,"href":"https:\/\/aylu.es\/index.php?rest_route=\/wp\/v2\/users\/1"}],"replies":[{"embeddable":true,"href":"https:\/\/aylu.es\/index.php?rest_route=%2Fwp%2Fv2%2Fcomments&post=393"}],"version-history":[{"count":1,"href":"https:\/\/aylu.es\/index.php?rest_route=\/wp\/v2\/posts\/393\/revisions"}],"predecessor-version":[{"id":395,"href":"https:\/\/aylu.es\/index.php?rest_route=\/wp\/v2\/posts\/393\/revisions\/395"}],"wp:featuredmedia":[{"embeddable":true,"href":"https:\/\/aylu.es\/index.php?rest_route=\/wp\/v2\/media\/394"}],"wp:attachment":[{"href":"https:\/\/aylu.es\/index.php?rest_route=%2Fwp%2Fv2%2Fmedia&parent=393"}],"wp:term":[{"taxonomy":"category","embeddable":true,"href":"https:\/\/aylu.es\/index.php?rest_route=%2Fwp%2Fv2%2Fcategories&post=393"},{"taxonomy":"post_tag","embeddable":true,"href":"https:\/\/aylu.es\/index.php?rest_route=%2Fwp%2Fv2%2Ftags&post=393"}],"curies":[{"name":"wp","href":"https:\/\/api.w.org\/{rel}","templated":true}]}}