{"id":429,"date":"2020-12-10T16:36:48","date_gmt":"2020-12-10T16:36:48","guid":{"rendered":"https:\/\/aylu.es\/?p=429"},"modified":"2020-12-10T16:40:23","modified_gmt":"2020-12-10T16:40:23","slug":"volvemos-al-multiusos","status":"publish","type":"post","link":"https:\/\/aylu.es\/?p=429","title":{"rendered":"Volvemos al Multiusos"},"content":{"rendered":"\n<p class=\"has-medium-font-size\">Por Fin!!!! Poco a poco vamos viendo el final del tunel y ya podemos volver a la rutina de las clases de judo y otras actividades. Despu\u00e9s de empezar las clases en las instalaciones de Juli\u00e1n Besteiro, ya podemos hacerlo tambi\u00e9n en el Palacio  Multiusos.<\/p>\n\n\n\n<p class=\"has-medium-font-size\">El horario ser\u00e1 el mismo que el a\u00f1o pasado, los lunes y mi\u00e9rcoles de 17:30 a 18:30, pero con unas condiciones un poco especiales. La clase est\u00e1 limitada por aforo a 9 ni\u00f1os de momento, pero esperamos que con las buenas perspectivas que hay, en breve podamos aumentarlo. Como siempre, desde que hemos empezado las clases, es necesario hacer reserva de plaza, por lo que os dejo el <a rel=\"noreferrer noopener\" href=\"https:\/\/www.supersaas.es\/schedule\/aylu\/HORARIO_CLASES\" target=\"_blank\">ENLACE<\/a>, aqu\u00ed. <\/p>\n\n\n\n<p class=\"has-medium-font-size\">Los d\u00edas que vamos a dar clase y los horarios son los siguientes:<\/p>\n\n\n\n<p class=\"has-medium-font-size\">Lunes 14, mi\u00e9rcoles 16, lunes 21 y mi\u00e9rcoles 23, a las 17:30, en el Palacio Multiusos.<\/p>\n\n\n\n<p class=\"has-medium-font-size\">Martes 29 de diciembre y jueves 7 de enero, 18:30, Jul\u00edan Besteiro<\/p>\n\n\n\n<p class=\"has-medium-font-size\">El lunes 11 de enero, volveremos al Multiusos con el horario habitual de 17:30 horas.<\/p>\n\n\n\n<p>PROTOCOLO PARA PALACIO MULTIUSOS<\/p>\n\n\n\n<p>Debido a la situaci\u00f3n sanitaria, al igual que en el gimnasio, tenemos que acatar unas normas para poder acudir a clase. Los ni\u00f1os deben ir cambiados ya que no hay acceso a vestuarios y deben estar en la puerta principal a las 17:25. En el hall de entrada se proceder\u00e1 a las desinfecci\u00f3n de calzado y manos y toma de temperatura, para todos juntos y con el profesor ir a la sala de judo. Es obligatorio el uso de mascarilla y cada ni\u00f1o debe llevar su botella de agua.<\/p>\n\n\n\n<p>La \u00abdevoluci\u00f3n\u00bb de los ni\u00f1os ser\u00e1 a las 18:30 horas en el mismo sitio de la entrada.<\/p>\n","protected":false},"excerpt":{"rendered":"<p>Por Fin!!!! Poco a poco vamos viendo el final del tunel y ya podemos volver a la rutina de las clases de judo y otras actividades. Despu\u00e9s de empezar las clases en las instalaciones de Juli\u00e1n Besteiro, ya podemos hacerlo tambi\u00e9n en el Palacio Multiusos. El horario ser\u00e1 el mismo que el a\u00f1o pasado, los [&hellip;]<\/p>\n","protected":false},"author":1,"featured_media":387,"comment_status":"open","ping_status":"open","sticky":false,"template":"","format":"standard","meta":{"footnotes":""},"categories":[2],"tags":[],"class_list":["post-429","post","type-post","status-publish","format-standard","has-post-thumbnail","hentry","category-noticias"],"_links":{"self":[{"href":"https:\/\/aylu.es\/index.php?rest_route=\/wp\/v2\/posts\/429","targetHints":{"allow":["GET"]}}],"collection":[{"href":"https:\/\/aylu.es\/index.php?rest_route=\/wp\/v2\/posts"}],"about":[{"href":"https:\/\/aylu.es\/index.php?rest_route=\/wp\/v2\/types\/post"}],"author":[{"embeddable":true,"href":"https:\/\/aylu.es\/index.php?rest_route=\/wp\/v2\/users\/1"}],"replies":[{"embeddable":true,"href":"https:\/\/aylu.es\/index.php?rest_route=%2Fwp%2Fv2%2Fcomments&post=429"}],"version-history":[{"count":2,"href":"https:\/\/aylu.es\/index.php?rest_route=\/wp\/v2\/posts\/429\/revisions"}],"predecessor-version":[{"id":432,"href":"https:\/\/aylu.es\/index.php?rest_route=\/wp\/v2\/posts\/429\/revisions\/432"}],"wp:featuredmedia":[{"embeddable":true,"href":"https:\/\/aylu.es\/index.php?rest_route=\/wp\/v2\/media\/387"}],"wp:attachment":[{"href":"https:\/\/aylu.es\/index.php?rest_route=%2Fwp%2Fv2%2Fmedia&parent=429"}],"wp:term":[{"taxonomy":"category","embeddable":true,"href":"https:\/\/aylu.es\/index.php?rest_route=%2Fwp%2Fv2%2Fcategories&post=429"},{"taxonomy":"post_tag","embeddable":true,"href":"https:\/\/aylu.es\/index.php?rest_route=%2Fwp%2Fv2%2Ftags&post=429"}],"curies":[{"name":"wp","href":"https:\/\/api.w.org\/{rel}","templated":true}]}}