{"id":442,"date":"2021-02-15T09:51:26","date_gmt":"2021-02-15T09:51:26","guid":{"rendered":"https:\/\/aylu.es\/?p=442"},"modified":"2021-02-16T16:36:22","modified_gmt":"2021-02-16T16:36:22","slug":"otra-vez-mas-volvemos","status":"publish","type":"post","link":"https:\/\/aylu.es\/?p=442","title":{"rendered":"Otra vez m\u00e1s, volvemos!!!"},"content":{"rendered":"\n<p>Bueno, despu\u00e9s de la tempestad vuelve la calma y otra vez, volvemos. \u00bfSer\u00e1 la definitiva? Esperemos que si, ya que seguro que muchos de vosotros est\u00e1is cansados de tantos cambios de horario, fechas de incio, retrasos, etc.<\/p>\n\n\n\n<p>Para nosotros cada vez que hay un cambio supone un problema. Organizaci\u00f3n, horarios, d\u00edas&#8230; pero siempre pensamos en vosotros y, sobre todo en los ni\u00f1os, ya que comprendemos que los cambios de rutinas le afectan mucho m\u00e1s.<\/p>\n\n\n\n<p>Para los m\u00e1s peques os proponemos cuatro d\u00edas de clase a la semana que pod\u00e9is combinar como quer\u00e1is y as\u00ed compensar las clases que no hemos podido dar. Al mismo tiempo, plantearemos clases alg\u00fan s\u00e1bado por la ma\u00f1ana para que teng\u00e1is m\u00e1s posibilidades todav\u00eda.<\/p>\n\n\n\n<p>Todas las clases se har\u00e1n de momento en las instalaciones de Julian Besteiro, en el gimnasio, ya que el Palacio Multiusos de momento est\u00e1 cerrado para estas actividades.<\/p>\n\n\n\n<p>Los alumnos de Yunquera siguen con su horario y lugar sin cambios pero, como sab\u00e9is, podeis adaptaros tambi\u00e9n a las clases del gimnasio.<\/p>\n\n\n\n<p class=\"has-text-color has-dark-red-color\">HORARIO INFANTIL ( HASTA 11 A\u00d1OS APROX)<\/p>\n\n\n\n<p>LUNES, MARTES, MIERCOLES Y JUEVES A LAS 17:30 HORAS<\/p>\n\n\n\n<p class=\"has-text-color has-dark-red-color\">HORARIO CADETE (HASTA 14 A\u00d1OS)<\/p>\n\n\n\n<p>MARTES Y JUEVES A LAS 18:30 HORAS<\/p>\n\n\n\n<p class=\"has-text-color has-dark-red-color\">HORARIO COMPETIDORES Y ADULTOS<\/p>\n\n\n\n<p>MARTES Y JUEVES DE 19:30 A 21:15 HORAS<\/p>\n\n\n\n<p class=\"has-text-color has-dark-red-color\">HORARIO YUNQUERA DE HENARES<\/p>\n\n\n\n<p>JUEVES Y VIERNES A LAS 16:00 HORAS<\/p>\n\n\n\n<p>Si alguno de vosotros tiene alguna duda, por favor, poneros en contacto con nosotros y r\u00e1pidamente lo solucionamos.<\/p>\n\n\n\n<p>GRACIAS POR VUESTRA PACIENCIA<\/p>\n\n\n\n<p><\/p>\n","protected":false},"excerpt":{"rendered":"<p>Bueno, despu\u00e9s de la tempestad vuelve la calma y otra vez, volvemos. \u00bfSer\u00e1 la definitiva? Esperemos que si, ya que seguro que muchos de vosotros est\u00e1is cansados de tantos cambios de horario, fechas de incio, retrasos, etc. Para nosotros cada vez que hay un cambio supone un problema. Organizaci\u00f3n, horarios, d\u00edas&#8230; pero siempre pensamos en [&hellip;]<\/p>\n","protected":false},"author":1,"featured_media":102,"comment_status":"open","ping_status":"open","sticky":false,"template":"","format":"standard","meta":{"footnotes":""},"categories":[2],"tags":[],"class_list":["post-442","post","type-post","status-publish","format-standard","has-post-thumbnail","hentry","category-noticias"],"_links":{"self":[{"href":"https:\/\/aylu.es\/index.php?rest_route=\/wp\/v2\/posts\/442","targetHints":{"allow":["GET"]}}],"collection":[{"href":"https:\/\/aylu.es\/index.php?rest_route=\/wp\/v2\/posts"}],"about":[{"href":"https:\/\/aylu.es\/index.php?rest_route=\/wp\/v2\/types\/post"}],"author":[{"embeddable":true,"href":"https:\/\/aylu.es\/index.php?rest_route=\/wp\/v2\/users\/1"}],"replies":[{"embeddable":true,"href":"https:\/\/aylu.es\/index.php?rest_route=%2Fwp%2Fv2%2Fcomments&post=442"}],"version-history":[{"count":2,"href":"https:\/\/aylu.es\/index.php?rest_route=\/wp\/v2\/posts\/442\/revisions"}],"predecessor-version":[{"id":444,"href":"https:\/\/aylu.es\/index.php?rest_route=\/wp\/v2\/posts\/442\/revisions\/444"}],"wp:featuredmedia":[{"embeddable":true,"href":"https:\/\/aylu.es\/index.php?rest_route=\/wp\/v2\/media\/102"}],"wp:attachment":[{"href":"https:\/\/aylu.es\/index.php?rest_route=%2Fwp%2Fv2%2Fmedia&parent=442"}],"wp:term":[{"taxonomy":"category","embeddable":true,"href":"https:\/\/aylu.es\/index.php?rest_route=%2Fwp%2Fv2%2Fcategories&post=442"},{"taxonomy":"post_tag","embeddable":true,"href":"https:\/\/aylu.es\/index.php?rest_route=%2Fwp%2Fv2%2Ftags&post=442"}],"curies":[{"name":"wp","href":"https:\/\/api.w.org\/{rel}","templated":true}]}}