{"id":467,"date":"2022-02-13T17:48:45","date_gmt":"2022-02-13T17:48:45","guid":{"rendered":"https:\/\/aylu.es\/?p=467"},"modified":"2022-02-13T17:51:26","modified_gmt":"2022-02-13T17:51:26","slug":"buenos-resultados-en-la-2a-fase-del-deporte-escolar-22-en-albacete","status":"publish","type":"post","link":"https:\/\/aylu.es\/?p=467","title":{"rendered":"Buenos resultados en la 2\u00aa Fase del Deporte Escolar 22 en Albacete"},"content":{"rendered":"\n<p>Albacete era la segunda cita para nuestros chicos sub-15 y Sub-18, categor\u00edas que forman el Deporte Escolar. Un desplazamiento muy largo que hizo madrugar a los nuestros pero que no les penaliz\u00f3 a la hora de competir.<\/p>\n\n\n\n<p>Esta segunda Fase de 3, deja ya las cosas bastante claras para algunos, que tras los resultados obtenidos en la primera Fase de Tomelloso hace un par de semanas, tienen la meta del Campeonato de Espa\u00f1a cada vez m\u00e1s cerca.<\/p>\n\n\n\n<figure class=\"wp-block-image size-full\"><img fetchpriority=\"high\" decoding=\"async\" width=\"823\" height=\"612\" src=\"https:\/\/aylu.es\/wp-content\/uploads\/2022\/02\/1-albacete.jpg\" alt=\"\" class=\"wp-image-468\" srcset=\"https:\/\/aylu.es\/wp-content\/uploads\/2022\/02\/1-albacete.jpg 823w, https:\/\/aylu.es\/wp-content\/uploads\/2022\/02\/1-albacete-300x223.jpg 300w, https:\/\/aylu.es\/wp-content\/uploads\/2022\/02\/1-albacete-768x571.jpg 768w, https:\/\/aylu.es\/wp-content\/uploads\/2022\/02\/1-albacete-720x535.jpg 720w, https:\/\/aylu.es\/wp-content\/uploads\/2022\/02\/1-albacete-560x416.jpg 560w\" sizes=\"(max-width: 823px) 100vw, 823px\" \/><\/figure>\n\n\n\n<p>Queda todav\u00eda mucho trabajo, alguna que otra concentraci\u00f3n a nivel regional y no se puede bajar la guardia ya que los rivales vienen muy fuertes y los puestos de podium est\u00e1n muy codiciados. <\/p>\n\n\n\n<p>No podemos destacar a ninguno de los chicos, Todos compitieron de una manera ejemplar, unos con m\u00e1s suerte que otros, otros en un peso muy competido pero con rivales muy fuertes, los debutantes cada d\u00eda mejor&#8230; pero los resultados lo dicen todo.<\/p>\n\n\n\n<figure class=\"wp-block-image size-full\"><img decoding=\"async\" src=\"https:\/\/aylu.es\/wp-content\/uploads\/2022\/02\/2-albacete.jpg\" alt=\"\" class=\"wp-image-469\"\/><\/figure>\n\n\n\n<p>SUB 15- MASCULINO<\/p>\n\n\n\n<p>-55 Kg, Rodrigo Vazquez, ORO<\/p>\n\n\n\n<p>SUB 18 &#8211; MASCULINO<\/p>\n\n\n\n<p> -50 Kg, Alvaro Oca\u00f1a, BRONCE <\/p>\n\n\n\n<p>-55 Kg, Carlos Encijo, ORO<\/p>\n\n\n\n<p>-60 Kg, Erick Yago, BRONCE<\/p>\n\n\n\n<p>-60 Kg, Daniel Francia 7\u00ba<\/p>\n\n\n\n<p>-73 Kg, Noe Valero, BRONCE<\/p>\n\n\n\n<p>SUB 18 &#8211; FEMENINO<\/p>\n\n\n\n<p>-48 Kg, Elsa G\u00f3mez, ORO<\/p>\n\n\n\n<p>-63 Kg, Roc\u00edo de la Fuente, ORO<\/p>\n","protected":false},"excerpt":{"rendered":"<p>Albacete era la segunda cita para nuestros chicos sub-15 y Sub-18, categor\u00edas que forman el Deporte Escolar. Un desplazamiento muy largo que hizo madrugar a los nuestros pero que no les penaliz\u00f3 a la hora de competir. Esta segunda Fase de 3, deja ya las cosas bastante claras para algunos, que tras los resultados obtenidos [&hellip;]<\/p>\n","protected":false},"author":1,"featured_media":469,"comment_status":"open","ping_status":"open","sticky":false,"template":"","format":"standard","meta":{"footnotes":""},"categories":[22],"tags":[],"class_list":["post-467","post","type-post","status-publish","format-standard","has-post-thumbnail","hentry","category-competiciones"],"_links":{"self":[{"href":"https:\/\/aylu.es\/index.php?rest_route=\/wp\/v2\/posts\/467","targetHints":{"allow":["GET"]}}],"collection":[{"href":"https:\/\/aylu.es\/index.php?rest_route=\/wp\/v2\/posts"}],"about":[{"href":"https:\/\/aylu.es\/index.php?rest_route=\/wp\/v2\/types\/post"}],"author":[{"embeddable":true,"href":"https:\/\/aylu.es\/index.php?rest_route=\/wp\/v2\/users\/1"}],"replies":[{"embeddable":true,"href":"https:\/\/aylu.es\/index.php?rest_route=%2Fwp%2Fv2%2Fcomments&post=467"}],"version-history":[{"count":2,"href":"https:\/\/aylu.es\/index.php?rest_route=\/wp\/v2\/posts\/467\/revisions"}],"predecessor-version":[{"id":471,"href":"https:\/\/aylu.es\/index.php?rest_route=\/wp\/v2\/posts\/467\/revisions\/471"}],"wp:featuredmedia":[{"embeddable":true,"href":"https:\/\/aylu.es\/index.php?rest_route=\/wp\/v2\/media\/469"}],"wp:attachment":[{"href":"https:\/\/aylu.es\/index.php?rest_route=%2Fwp%2Fv2%2Fmedia&parent=467"}],"wp:term":[{"taxonomy":"category","embeddable":true,"href":"https:\/\/aylu.es\/index.php?rest_route=%2Fwp%2Fv2%2Fcategories&post=467"},{"taxonomy":"post_tag","embeddable":true,"href":"https:\/\/aylu.es\/index.php?rest_route=%2Fwp%2Fv2%2Ftags&post=467"}],"curies":[{"name":"wp","href":"https:\/\/api.w.org\/{rel}","templated":true}]}}