{"id":474,"date":"2022-03-05T18:50:29","date_gmt":"2022-03-05T18:50:29","guid":{"rendered":"https:\/\/aylu.es\/?p=474"},"modified":"2022-03-05T18:50:39","modified_gmt":"2022-03-05T18:50:39","slug":"campeonato-regional-junior-y-de-kata-en-tomelloso","status":"publish","type":"post","link":"https:\/\/aylu.es\/?p=474","title":{"rendered":"Campeonato Regional Junior y de Kata en Tomelloso"},"content":{"rendered":"\n<p>Tomelloso ha sido una vez m\u00e1s la capital del judo de Castilla la Mancha y hasta all\u00ed se han desplazado nuestros chicos.<\/p>\n\n\n\n<p>Esta vez ha sido el Campeonato Regional Junior y el Campeonato Regional de Kata.<\/p>\n\n\n\n<p>Se han tra\u00eddo un buen n\u00famero de medallas pero hay que seguir trabajando fuerte y los buenos resultados seguir\u00e1n llegando.<\/p>\n\n\n\n<figure class=\"wp-block-image size-large\"><img fetchpriority=\"high\" decoding=\"async\" width=\"960\" height=\"566\" src=\"https:\/\/aylu.es\/wp-content\/uploads\/2022\/03\/TOMELLOSO-960x566.jpg\" alt=\"\" class=\"wp-image-475\"\/><\/figure>\n\n\n\n<p><br>CAMPEONATO REGIONAL JUNIOR<\/p>\n\n\n\n<p>1\u00ba.- Erick Yago Fern\u00e1ndez.- 60 Kilos<\/p>\n\n\n\n<p>5\u00ba .- Alvaro Oca\u00f1a .- 60 kilos<\/p>\n\n\n\n<p>5\u00ba .- Carlos Encijo Torres .- 60 kilos<\/p>\n\n\n\n<p>2\u00ba .- Elsa G\u00f3mez Ines .- 48 kilos<\/p>\n\n\n\n<p>1\u00ba.- Roc\u00edo de la Fuente Matilla.- 63 Kilos<\/p>\n\n\n\n<p>CAMPEONATO REGIONAL DE KATA<\/p>\n\n\n\n<p>ORO SUB 18: Roc\u00edo de la Fuente y Erick Yago Fern\u00e1ndez<\/p>\n\n\n\n<p>BRONCE SUB 18: Rocio de la Fuente y Carlos Encijo<\/p>\n\n\n\n<p>QUINTOS SUB18: Alvaro Oca\u00f1a y Rodrigo Vazquez<\/p>\n\n\n\n<p>ORO JUNIOR: Rocio de la Fuente y Fernando Sanz<\/p>\n\n\n\n<p>BRONCE JUNIOR: Elsa Gomez Inez y Fernando Sanz<\/p>\n\n\n\n<p>ORO SUB 13: Alvaro Agorrabeitia y Alvaro Segovia<\/p>\n\n\n\n<p>PLATA SUB13: Jose Miguel Galache y Lucas Pordomingo<\/p>\n\n\n\n<p>BRONCE SUB 13: Alberto Encijo y Alvaro Segovia<\/p>\n\n\n\n<p>BRONCE SUB 15: Rodrigo Vazquez y Alex Pordomigo<br><\/p>\n","protected":false},"excerpt":{"rendered":"<p>Tomelloso ha sido una vez m\u00e1s la capital del judo de Castilla la Mancha y hasta all\u00ed se han desplazado nuestros chicos. Esta vez ha sido el Campeonato Regional Junior y el Campeonato Regional de Kata. Se han tra\u00eddo un buen n\u00famero de medallas pero hay que seguir trabajando fuerte y los buenos resultados seguir\u00e1n [&hellip;]<\/p>\n","protected":false},"author":1,"featured_media":475,"comment_status":"open","ping_status":"open","sticky":false,"template":"","format":"standard","meta":{"footnotes":""},"categories":[22,2],"tags":[],"class_list":["post-474","post","type-post","status-publish","format-standard","has-post-thumbnail","hentry","category-competiciones","category-noticias"],"_links":{"self":[{"href":"https:\/\/aylu.es\/index.php?rest_route=\/wp\/v2\/posts\/474","targetHints":{"allow":["GET"]}}],"collection":[{"href":"https:\/\/aylu.es\/index.php?rest_route=\/wp\/v2\/posts"}],"about":[{"href":"https:\/\/aylu.es\/index.php?rest_route=\/wp\/v2\/types\/post"}],"author":[{"embeddable":true,"href":"https:\/\/aylu.es\/index.php?rest_route=\/wp\/v2\/users\/1"}],"replies":[{"embeddable":true,"href":"https:\/\/aylu.es\/index.php?rest_route=%2Fwp%2Fv2%2Fcomments&post=474"}],"version-history":[{"count":1,"href":"https:\/\/aylu.es\/index.php?rest_route=\/wp\/v2\/posts\/474\/revisions"}],"predecessor-version":[{"id":476,"href":"https:\/\/aylu.es\/index.php?rest_route=\/wp\/v2\/posts\/474\/revisions\/476"}],"wp:featuredmedia":[{"embeddable":true,"href":"https:\/\/aylu.es\/index.php?rest_route=\/wp\/v2\/media\/475"}],"wp:attachment":[{"href":"https:\/\/aylu.es\/index.php?rest_route=%2Fwp%2Fv2%2Fmedia&parent=474"}],"wp:term":[{"taxonomy":"category","embeddable":true,"href":"https:\/\/aylu.es\/index.php?rest_route=%2Fwp%2Fv2%2Fcategories&post=474"},{"taxonomy":"post_tag","embeddable":true,"href":"https:\/\/aylu.es\/index.php?rest_route=%2Fwp%2Fv2%2Ftags&post=474"}],"curies":[{"name":"wp","href":"https:\/\/api.w.org\/{rel}","templated":true}]}}