{"id":484,"date":"2022-03-25T15:19:35","date_gmt":"2022-03-25T15:19:35","guid":{"rendered":"https:\/\/aylu.es\/?p=484"},"modified":"2022-03-25T15:19:44","modified_gmt":"2022-03-25T15:19:44","slug":"erick-yago-y-rocio-de-la-fuente-a-la-fase-sector-c-de-espana-junior","status":"publish","type":"post","link":"https:\/\/aylu.es\/?p=484","title":{"rendered":"Erick Yago y Roc\u00edo de la Fuente, a la Fase Sector C. de Espa\u00f1a Junior"},"content":{"rendered":"\n<h2 class=\"has-text-color wp-block-heading\" style=\"color:#05aff8\"><em>Se celebrar\u00e1 este fin de semana en el Palacio Multiusos de Guadalajara<\/em><\/h2>\n\n\n\n<p>Erick Yago y Roc\u00edo de la Fuente, componentes de la Escuela de Judo Aylu \/ Deportivo Guadalajara participar\u00e1n en la Fase Sector Sur del Campeonato de Espa\u00f1a de Judo en la categor\u00eda Junior. <br>Para ellos es una experiencia \u00fanica que les har\u00e1 crecer como judokas. Cualquier resultado ser\u00e1 muy bueno ya que ambos son judokas cadete, en algunos casos hasta 5 a\u00f1os menores que cualquiera de los rivales que tendr\u00e1n en frente.<\/p>\n\n\n\n<div class=\"wp-block-image\"><figure class=\"alignleft size-large is-resized\"><img fetchpriority=\"high\" decoding=\"async\" src=\"https:\/\/aylu.es\/wp-content\/uploads\/2022\/03\/WhatsApp-Image-2022-03-24-at-9.46.15-PM-735x960.jpeg\" alt=\"\" class=\"wp-image-485\" width=\"349\" height=\"456\"\/><\/figure><\/div>\n\n\n\n<p>Ambos est\u00e1n realizando una temporada muy completa obteniendo muy buenos resultados en su categor\u00eda cadete, y con muchas posibilidades de acceder a la Fase Final de esta categor\u00eda que se celebrar\u00e1 a finales de abril en Pamplona.<\/p>\n\n\n\n<p>Este s\u00e1bado, a las 10:00 de la ma\u00f1ana, en el Palacio Multiusos, se enfrentar\u00e1n a duros rivales que provienen de Andaluc\u00eda, Extremadura, Ceuta, Melilla y Canarias, como componentes del equipo Junior de Castilla la Mancha. Una oportunidad que deben aprovechar para aprender y acumular experiencias de cara a sus pr\u00f3ximas competiciones dentro de su categor\u00eda Cadete.<\/p>\n","protected":false},"excerpt":{"rendered":"<p>Se celebrar\u00e1 este fin de semana en el Palacio Multiusos de Guadalajara Erick Yago y Roc\u00edo de la Fuente, componentes de la Escuela de Judo Aylu \/ Deportivo Guadalajara participar\u00e1n en la Fase Sector Sur del Campeonato de Espa\u00f1a de Judo en la categor\u00eda Junior. Para ellos es una experiencia \u00fanica que les har\u00e1 crecer [&hellip;]<\/p>\n","protected":false},"author":1,"featured_media":485,"comment_status":"open","ping_status":"open","sticky":false,"template":"","format":"standard","meta":{"footnotes":""},"categories":[22,2],"tags":[],"class_list":["post-484","post","type-post","status-publish","format-standard","has-post-thumbnail","hentry","category-competiciones","category-noticias"],"_links":{"self":[{"href":"https:\/\/aylu.es\/index.php?rest_route=\/wp\/v2\/posts\/484","targetHints":{"allow":["GET"]}}],"collection":[{"href":"https:\/\/aylu.es\/index.php?rest_route=\/wp\/v2\/posts"}],"about":[{"href":"https:\/\/aylu.es\/index.php?rest_route=\/wp\/v2\/types\/post"}],"author":[{"embeddable":true,"href":"https:\/\/aylu.es\/index.php?rest_route=\/wp\/v2\/users\/1"}],"replies":[{"embeddable":true,"href":"https:\/\/aylu.es\/index.php?rest_route=%2Fwp%2Fv2%2Fcomments&post=484"}],"version-history":[{"count":1,"href":"https:\/\/aylu.es\/index.php?rest_route=\/wp\/v2\/posts\/484\/revisions"}],"predecessor-version":[{"id":486,"href":"https:\/\/aylu.es\/index.php?rest_route=\/wp\/v2\/posts\/484\/revisions\/486"}],"wp:featuredmedia":[{"embeddable":true,"href":"https:\/\/aylu.es\/index.php?rest_route=\/wp\/v2\/media\/485"}],"wp:attachment":[{"href":"https:\/\/aylu.es\/index.php?rest_route=%2Fwp%2Fv2%2Fmedia&parent=484"}],"wp:term":[{"taxonomy":"category","embeddable":true,"href":"https:\/\/aylu.es\/index.php?rest_route=%2Fwp%2Fv2%2Fcategories&post=484"},{"taxonomy":"post_tag","embeddable":true,"href":"https:\/\/aylu.es\/index.php?rest_route=%2Fwp%2Fv2%2Ftags&post=484"}],"curies":[{"name":"wp","href":"https:\/\/api.w.org\/{rel}","templated":true}]}}