{"id":501,"date":"2022-04-06T07:23:17","date_gmt":"2022-04-06T07:23:17","guid":{"rendered":"https:\/\/aylu.es\/?p=501"},"modified":"2024-03-07T17:44:48","modified_gmt":"2024-03-07T17:44:48","slug":"final-campeonato-escolar-cadete-e-infantil-talavera-2022","status":"publish","type":"post","link":"https:\/\/aylu.es\/?p=501","title":{"rendered":"Final Campeonato Escolar Cadete e Infantil Talavera 2022"},"content":{"rendered":"\n<h2 class=\"wp-block-heading\"><em>Cuatro clasificados directos al Campeonato de Espa\u00f1a<\/em><\/h2>\n\n\n\n<p>Tercera y \u00faltima fase del Deporte Escolar para las categor\u00edas Cadete e Infantil que ha reunido a casi 200 competidores de toda Castilla la Mancha en Talavera de la Reina el pasado fin de semana.<\/p>\n\n\n\n<p>Una final en la que hab\u00eda muchas espadas en alto, ya que muchos competidores se jugaban en pase a la Fase Final que se celebrar\u00e1 en Pamplona el fin de semana del 30 de Abril y 1 de Mayo.<\/p>\n\n\n\n<p>Algunos de nuestros representantes lo ten\u00edan pr\u00e1cticamente hecho, otros se jugaban todo en Talavera y otros acud\u00edan a la localidad toledana sin ninguna opci\u00f3n.<\/p>\n\n\n\n<p>La verdad es que las previsiones se han hecho efectivas y se han clasificado los esperados m\u00e1s alguna sorpresa, mientras que otros que ten\u00edan posibilidades se han quedado con la miel en los labios.<\/p>\n\n\n                    <style>\n                                            .flickr-img-responsive {\n                            width:100% !important;\n                            height:auto !important;\n                            display:block !important;\n                        }\n                        .LoadingImg img {\n                            max-width: 45px;\n                            max-height: 45px;\n                            box-shadow: none;\n                        }\n                        .wpfrank-flickr-div{\n                            padding:15px;\n                        }\n                        @media (max-width: 786px){\n                            .col-md-3 {\n                                width:49.9%;\n                                float:left;\n                            }\n                        }\n                        .play-pause {\n                            display: none !important;\n                        }\n                        .gallery500 {\n                            overflow:hidden;\n                            clear: both;\n                        }\n                        .fnf{\n                            background-color: #a92929;\n                            border-radius: 5px;\n                            color: #fff;\n                            font-family: initial;\n                            text-align: center;\n                            padding:12px;\n                        }\n                    <\/style>\n                    <script type=\"text\/javascript\">\n                    jQuery(function() {\n                        jQuery('.gallery-500').flickr({\n                            apiKey: '037c012784565c3b5691cc5a0aa912b7',\n                            photosetId: '72177720297890114'\n                        });\n                    });\n\n                    ;(function ($, window, document, undefined) {\n                        'use strict';\n                        var pluginName = \"flickr\",\n                            defaults = {\n                                apiKey: \"\",\n                                photosetId: \"\",\n                                errorText: \"<div class='fnf'><i class='far fa-times-circle'><\/i> Error generating gallery.<\/div>\",\n                                loadingSpeed: 38,\n                                photosLimit: 200\n                            },\n                            apiUrl = 'https:\/\/api.flickr.com\/services\/rest\/',\n                            photos = [];\n\n                        function Plugin(element, options) {\n                            this.element = $(element);\n                            this.settings = $.extend({}, defaults, options);\n                            this._defaults = defaults;\n                            this._name = pluginName;\n\n                            this._hideSpinner = function() {\n                                this.element.find('.spinner-wrapper').hide().find('*').hide();\n                            };\n\n                            this._printError = function() {\n                                this.element.find('.gallery-container').append($(\"<div><\/div>\", { \"class\": \"col-lg-12\" })\n                                    .append($(\"<div><\/div>\", { \"class\": \"error-wrapper\" })\n                                        .append($(\"<span><\/span>\", { \"class\": \"label label-danger error\" })\n                                            .html(this.settings.errorText))));\n                            };\n\n                            this._flickrAnimate = function() {\n                                this.element.find('.gallery-container img').each($.proxy(function(index, el) {\n                                    var image = el;\n                                    setTimeout(function() {\n                                        $(image).parent().fadeIn();\n                                    }, this.settings.loadingSpeed * index);\n                                }, this));\n                            };\n\n                            this._printGallery = function(photos) {\n                                var element = this.element.find('.gallery-container');\n                                if (!photos || photos.length === 0) {\n                                    this._hideSpinner();\n                                    this._printError();\n                                    return;\n                                }\n                                $.each(photos, function(key, photo) {\n                                    if (!photo || !photo.thumbnail) return; \/\/ Skip undefined or invalid photos\n                                    var img = $('<img>', { 'class': 'thumb img-thumbnail flickr-img-responsive', src: photo.thumbnail, 'alt': photo.title });\n                                    element.append($('<div><\/div>', { 'class': ' col-md-3 col-sm-4 col-center wpfrank-flickr-div' })\n                                        .append($('<a><\/a>', { 'class': '', href: photo.href, 'data-gallery': '', 'title': photo.title }).hide()\n                                            .append(img)));\n                                });\n\n                                element.imagesLoaded()\n                                    .done($.proxy(this._flickrAnimate, this))\n                                    .always($.proxy(this._hideSpinner, this));\n                            };\n\n                            this._flickrPhotoset = function(photoset) {\n                                var _this = this;\n                                photos[photoset.id] = [];\n                                $.each(photoset.photo, function(key, photo) {\n                                    if (photo.media !== \"photo\") {\n                                        return true; \/\/ Skip videos\n                                    }\n                                    if (key >= _this.settings.photosLimit) {\n                                        return false;\n                                    }\n                                    photos[photoset.id][key] = {\n                                        thumbnail: 'https:\/\/farm' + photo.farm + '.static.flickr.com\/' + photo.server + '\/' + photo.id + '_' + photo.secret + '_q.jpg',\n                                        href: 'https:\/\/farm' + photo.farm + '.static.flickr.com\/' + photo.server + '\/' + photo.id + '_' + photo.secret + '_b.jpg',\n                                        title: photo.title\n                                    };\n                                });\n\n                                console.log('Filtered photos:', photos[photoset.id]); \/\/ Debug log\n                                if (photos[photoset.id].length > 0) {\n                                    this._printGallery(photos[photoset.id]);\n                                } else {\n                                    this._hideSpinner();\n                                    this._printError();\n                                }\n                            };\n\n                            this._onFlickrResponse = function(response) {\n                                console.log('API Response:', response); \/\/ Debug log\n                                if (response.stat === \"ok\") {\n                                    this._flickrPhotoset(response.photoset);\n                                } else {\n                                    this._hideSpinner();\n                                    this._printError();\n                                }\n                            };\n\n                            this._flickrRequest = function(method, data) {\n                                var url = apiUrl + \"?format=json&jsoncallback=?&method=\" + method + \"&api_key=\" + this.settings.apiKey;\n                                $.each(data, function(key, value) {\n                                    url += \"&\" + key + \"=\" + value;\n                                });\n\n                                $.ajax({\n                                    dataType: \"json\",\n                                    url: url,\n                                    context: this,\n                                    success: this._onFlickrResponse\n                                });\n                            };\n\n                            this._flickrInit = function () {\n                                this._flickrRequest('flickr.photosets.getPhotos', {\n                                    photoset_id: this.settings.photosetId,\n                                    extras: 'media'\n                                });\n                            };\n\n                            this.init();\n                        }\n\n                        Plugin.prototype = {\n                            init: function () {\n                                this._flickrInit();\n                            }\n                        };\n\n                        $.fn[pluginName] = function (options) {\n                            this.each(function () {\n                                if (!$.data(this, \"plugin_\" + pluginName)) {\n                                    $.data(this, \"plugin_\" + pluginName, new Plugin(this, options));\n                                }\n                            });\n                            return this;\n                        };\n                    })(jQuery, window, document);\n                    <\/script>\n                    <div class=\"gallery-500\">\n                                                    <h3>Deporte Escolar Talavera 2022<\/h3>\n                                                <div class=\"row\">\n                            <div class=\"col-xs-12 spinner-wrapper\">\n                                <div class=\"LoadingImg\"><img decoding=\"async\" src=\"https:\/\/aylu.es\/wp-content\/plugins\/flickr-album-gallery\/img\/loading.gif\" \/><\/div>\n                            <\/div>\n                            <div align=\"center\" class=\"gallery-container\"><\/div>\n                        <\/div>\n                    <\/div>\n                    \n            <!-- Blueimp gallery -->\n            <div id=\"blueimp-gallery-500\" class=\"blueimp-gallery blueimp-gallery-controls\">\n                <div class=\"slides\"><\/div>\n                <h3 class=\"title\"><\/h3>\n                <a class=\"prev\">\u2039<\/a>\n                <a class=\"next\">\u203a<\/a>\n                <a class=\"close\">\u00d7<\/a>\n                <a class=\"play-pause\"><\/a>\n                <ol class=\"indicator\"><\/ol>\n                <div class=\"modal fade\">\n                    <div class=\"modal-dialog\">\n                        <div class=\"modal-content\">\n                            <div class=\"modal-header\">\n                                <button type=\"button\" class=\"close\" aria-hidden=\"true\">\u00d7<\/button>\n                                <h4 class=\"modal-title\"><\/h4>\n                            <\/div>\n                            <div class=\"modal-body next\"><\/div>\n                            <div class=\"modal-footer\">\n                                <button type=\"button\" class=\"btn btn-default pull-left prev\">\n                                    <i class=\"glyphicon glyphicon-chevron-left\"><\/i>\n                                    Previous                                <\/button>\n                                <button type=\"button\" class=\"btn btn-primary next\">\n                                    Next                                    <i class=\"glyphicon glyphicon-chevron-right\"><\/i>\n                                <\/button>\n                            <\/div>\n                        <\/div>\n                    <\/div>\n                <\/div>\n            <\/div>\n\n            <script type=\"text\/javascript\">\n            jQuery(function() {\n                jQuery.extend(blueimp.Gallery.prototype.options, {\n                    useBootstrapModal: false,\n                    hidePageScrollbars: false,\n                    container: \"#blueimp-gallery-500\",\n                });\n            });\n            <\/script>\n\n            \n\n\n\n<p>Los que han quedado campeones tienen plaza directa a la Fase Final. Algunos de los que han quedado medalla de plata tambi\u00e9n podr\u00edan acudir, pero cubriendo plazas sobrantes y siempre bajo el criterio de la Direcci\u00f3n T\u00e9cnica de la Federaci\u00f3n. Estas plazas suplementarias se decidir\u00e1n durante la concentraci\u00f3n previa a la Fase Final que se celebrar\u00e1 el d\u00eda 23 de abril en Tomelloso.<\/p>\n\n\n\n<p>MEDALLAS DE ORO Y CLASIFICADOS DIRECTOS:<\/p>\n\n\n\n<p>CADETE FEMENINO -63 KILOS: ROCIO DE LA FUENTE<\/p>\n\n\n\n<p>CADETE MASCULINO -55 KILOS: CARLOS ENCIJO<\/p>\n\n\n\n<p>INFANTIL MASCULINO -55 KILOS: RODRIGO VAZQUEZ<\/p>\n\n\n\n<p>INFANTIL MASCULINO -38 KILOS: ALEX PORDOMINGO<\/p>\n\n\n\n<p>MEDALLAS DE PLATA<\/p>\n\n\n\n<p>CADETE FEMENINO \u2013 48 KILOS: ELSA GOMEZ<\/p>\n\n\n\n<p>MEDALLAS DE BRONCE<\/p>\n\n\n\n<p>CADETE MASCULINO -50 KILOS: ALVARO OCA\u00d1A<\/p>\n\n\n\n<p>CADETE MASCULINO -60 KILOS: ERICK YAGO<\/p>\n\n\n\n<p>CADETE MASCULINO \u2013 73 KILOS:&nbsp; NOE VALERO<\/p>\n\n\n\n<p><\/p>\n","protected":false},"excerpt":{"rendered":"<p>Cuatro clasificados directos al Campeonato de Espa\u00f1a Tercera y \u00faltima fase del Deporte Escolar para las categor\u00edas Cadete e Infantil que ha reunido a casi 200 competidores de toda Castilla la Mancha en Talavera de la Reina el pasado fin de semana. Una final en la que hab\u00eda muchas espadas en alto, ya que muchos [&hellip;]<\/p>\n","protected":false},"author":1,"featured_media":107,"comment_status":"open","ping_status":"open","sticky":false,"template":"","format":"standard","meta":{"footnotes":""},"categories":[8,2],"tags":[],"class_list":["post-501","post","type-post","status-publish","format-standard","has-post-thumbnail","hentry","category-galerias","category-noticias"],"_links":{"self":[{"href":"https:\/\/aylu.es\/index.php?rest_route=\/wp\/v2\/posts\/501","targetHints":{"allow":["GET"]}}],"collection":[{"href":"https:\/\/aylu.es\/index.php?rest_route=\/wp\/v2\/posts"}],"about":[{"href":"https:\/\/aylu.es\/index.php?rest_route=\/wp\/v2\/types\/post"}],"author":[{"embeddable":true,"href":"https:\/\/aylu.es\/index.php?rest_route=\/wp\/v2\/users\/1"}],"replies":[{"embeddable":true,"href":"https:\/\/aylu.es\/index.php?rest_route=%2Fwp%2Fv2%2Fcomments&post=501"}],"version-history":[{"count":3,"href":"https:\/\/aylu.es\/index.php?rest_route=\/wp\/v2\/posts\/501\/revisions"}],"predecessor-version":[{"id":506,"href":"https:\/\/aylu.es\/index.php?rest_route=\/wp\/v2\/posts\/501\/revisions\/506"}],"wp:featuredmedia":[{"embeddable":true,"href":"https:\/\/aylu.es\/index.php?rest_route=\/wp\/v2\/media\/107"}],"wp:attachment":[{"href":"https:\/\/aylu.es\/index.php?rest_route=%2Fwp%2Fv2%2Fmedia&parent=501"}],"wp:term":[{"taxonomy":"category","embeddable":true,"href":"https:\/\/aylu.es\/index.php?rest_route=%2Fwp%2Fv2%2Fcategories&post=501"},{"taxonomy":"post_tag","embeddable":true,"href":"https:\/\/aylu.es\/index.php?rest_route=%2Fwp%2Fv2%2Ftags&post=501"}],"curies":[{"name":"wp","href":"https:\/\/api.w.org\/{rel}","templated":true}]}}