{"id":508,"date":"2022-04-29T12:52:23","date_gmt":"2022-04-29T12:52:23","guid":{"rendered":"https:\/\/aylu.es\/?p=508"},"modified":"2022-04-29T12:52:34","modified_gmt":"2022-04-29T12:52:34","slug":"nuestros-chicos-camino-de-pamplona-a-la-final-escolar","status":"publish","type":"post","link":"https:\/\/aylu.es\/?p=508","title":{"rendered":"Nuestros chicos camino de Pamplona a la Final Escolar"},"content":{"rendered":"\n<p>Alex Pordomingo y Rodrigo Vazquez, la categor\u00eda Infantil y Carlos Encijo y Roc\u00edo de la Fuente en la categor\u00eda Cadete ser\u00e1n los representantes alcarre\u00f1os del Aylu\/Deportivo Guadalajara en la Fase Final del Campeonato de Espa\u00f1a de Deporte Escolar que se celebrar\u00e1 el pr\u00f3ximo fin de semana del 29 de abril en Pamplona.<\/p>\n\n\n\n<figure class=\"wp-block-image size-large\"><img fetchpriority=\"high\" decoding=\"async\" width=\"960\" height=\"720\" src=\"https:\/\/aylu.es\/wp-content\/uploads\/2022\/04\/IMG_6634-2-960x720.jpg\" alt=\"\" class=\"wp-image-510\" srcset=\"https:\/\/aylu.es\/wp-content\/uploads\/2022\/04\/IMG_6634-2-960x720.jpg 960w, https:\/\/aylu.es\/wp-content\/uploads\/2022\/04\/IMG_6634-2-300x225.jpg 300w, https:\/\/aylu.es\/wp-content\/uploads\/2022\/04\/IMG_6634-2-768x576.jpg 768w, https:\/\/aylu.es\/wp-content\/uploads\/2022\/04\/IMG_6634-2-1536x1152.jpg 1536w, https:\/\/aylu.es\/wp-content\/uploads\/2022\/04\/IMG_6634-2-2048x1536.jpg 2048w, https:\/\/aylu.es\/wp-content\/uploads\/2022\/04\/IMG_6634-2-720x540.jpg 720w, https:\/\/aylu.es\/wp-content\/uploads\/2022\/04\/IMG_6634-2-560x420.jpg 560w, https:\/\/aylu.es\/wp-content\/uploads\/2022\/04\/IMG_6634-2-1320x990.jpg 1320w\" sizes=\"(max-width: 960px) 100vw, 960px\" \/><\/figure>\n\n\n\n<p>Estos competidores se han clasificado gracias a que son los mejores de su categor\u00eda en Castilla la Mancha ya que han quedado en primer puesto en las tres fases Regionales que se han celebrado. Al mismo tiempo han cumplido los requisitos m\u00ednimos que el cuerpo t\u00e9cnico de la Federaci\u00f3n de CLM les exig\u00eda, como por ejemplo acudir a todas las concentraciones Regionales que se han celebrado.<\/p>\n\n\n\n<figure class=\"wp-block-image size-large\"><img decoding=\"async\" width=\"960\" height=\"432\" src=\"https:\/\/aylu.es\/wp-content\/uploads\/2022\/04\/PHOTO-2022-04-29-12-06-00-960x432.jpg\" alt=\"\" class=\"wp-image-509\" srcset=\"https:\/\/aylu.es\/wp-content\/uploads\/2022\/04\/PHOTO-2022-04-29-12-06-00-960x432.jpg 960w, https:\/\/aylu.es\/wp-content\/uploads\/2022\/04\/PHOTO-2022-04-29-12-06-00-300x135.jpg 300w, https:\/\/aylu.es\/wp-content\/uploads\/2022\/04\/PHOTO-2022-04-29-12-06-00-768x346.jpg 768w, https:\/\/aylu.es\/wp-content\/uploads\/2022\/04\/PHOTO-2022-04-29-12-06-00-1536x691.jpg 1536w, https:\/\/aylu.es\/wp-content\/uploads\/2022\/04\/PHOTO-2022-04-29-12-06-00-720x324.jpg 720w, https:\/\/aylu.es\/wp-content\/uploads\/2022\/04\/PHOTO-2022-04-29-12-06-00-560x252.jpg 560w, https:\/\/aylu.es\/wp-content\/uploads\/2022\/04\/PHOTO-2022-04-29-12-06-00-1320x594.jpg 1320w, https:\/\/aylu.es\/wp-content\/uploads\/2022\/04\/PHOTO-2022-04-29-12-06-00.jpg 1600w\" sizes=\"(max-width: 960px) 100vw, 960px\" \/><\/figure>\n\n\n\n<p>Es dif\u00edcil vaticinar resultados en esta categor\u00eda con deportistas tan j\u00f3venes. Tienen poca experiencia y muchas veces el coraz\u00f3n vence a la t\u00e9cnica y a la t\u00e1ctica y se pierden combates por no saber hacer un buen planteamiento del mismo.<\/p>\n\n\n\n<p>De los cuatro representantes, tan solo Rodrigo V\u00e1zquez ya tiene experiencia en Fases Finales, por lo que para ellos, el mero hecho de poder estar en una Fase Final ya es un premio a un largo trabajo de un a\u00f1o. El resultado, si llega, bienvenido, pero si no, deben considerarlo como una experiencia m\u00e1s y una ense\u00f1anza para el futuro.<\/p>\n","protected":false},"excerpt":{"rendered":"<p>Alex Pordomingo y Rodrigo Vazquez, la categor\u00eda Infantil y Carlos Encijo y Roc\u00edo de la Fuente en la categor\u00eda Cadete ser\u00e1n los representantes alcarre\u00f1os del Aylu\/Deportivo Guadalajara en la Fase Final del Campeonato de Espa\u00f1a de Deporte Escolar que se celebrar\u00e1 el pr\u00f3ximo fin de semana del 29 de abril en Pamplona. Estos competidores se [&hellip;]<\/p>\n","protected":false},"author":1,"featured_media":510,"comment_status":"open","ping_status":"open","sticky":false,"template":"","format":"standard","meta":{"footnotes":""},"categories":[22,2],"tags":[],"class_list":["post-508","post","type-post","status-publish","format-standard","has-post-thumbnail","hentry","category-competiciones","category-noticias"],"_links":{"self":[{"href":"https:\/\/aylu.es\/index.php?rest_route=\/wp\/v2\/posts\/508","targetHints":{"allow":["GET"]}}],"collection":[{"href":"https:\/\/aylu.es\/index.php?rest_route=\/wp\/v2\/posts"}],"about":[{"href":"https:\/\/aylu.es\/index.php?rest_route=\/wp\/v2\/types\/post"}],"author":[{"embeddable":true,"href":"https:\/\/aylu.es\/index.php?rest_route=\/wp\/v2\/users\/1"}],"replies":[{"embeddable":true,"href":"https:\/\/aylu.es\/index.php?rest_route=%2Fwp%2Fv2%2Fcomments&post=508"}],"version-history":[{"count":1,"href":"https:\/\/aylu.es\/index.php?rest_route=\/wp\/v2\/posts\/508\/revisions"}],"predecessor-version":[{"id":511,"href":"https:\/\/aylu.es\/index.php?rest_route=\/wp\/v2\/posts\/508\/revisions\/511"}],"wp:featuredmedia":[{"embeddable":true,"href":"https:\/\/aylu.es\/index.php?rest_route=\/wp\/v2\/media\/510"}],"wp:attachment":[{"href":"https:\/\/aylu.es\/index.php?rest_route=%2Fwp%2Fv2%2Fmedia&parent=508"}],"wp:term":[{"taxonomy":"category","embeddable":true,"href":"https:\/\/aylu.es\/index.php?rest_route=%2Fwp%2Fv2%2Fcategories&post=508"},{"taxonomy":"post_tag","embeddable":true,"href":"https:\/\/aylu.es\/index.php?rest_route=%2Fwp%2Fv2%2Ftags&post=508"}],"curies":[{"name":"wp","href":"https:\/\/api.w.org\/{rel}","templated":true}]}}