{"id":513,"date":"2022-05-24T17:28:54","date_gmt":"2022-05-24T17:28:54","guid":{"rendered":"https:\/\/aylu.es\/?p=513"},"modified":"2022-05-24T17:29:57","modified_gmt":"2022-05-24T17:29:57","slug":"ultimas-actividades-de-los-componentes-de-aylu-deportivo-guadalajara","status":"publish","type":"post","link":"https:\/\/aylu.es\/?p=513","title":{"rendered":"Ultimas actividades de los componentes de Aylu\/Deportivo Guadalajara"},"content":{"rendered":"\n<p>ACTIVIDADES DE ESCUELA DE JUDO AYLU\/DEPORTIVO GUADALAJARA EN LOS ULTIMOS DIAS<\/p>\n\n\n\n<p>FASE FINAL DEPORTE ESCOLAR INFATIL<\/p>\n\n\n\n<figure class=\"wp-block-image size-large\"><img fetchpriority=\"high\" decoding=\"async\" width=\"960\" height=\"720\" src=\"https:\/\/aylu.es\/wp-content\/uploads\/2022\/05\/IMG_6723-960x720.jpg\" alt=\"\" class=\"wp-image-515\"\/><\/figure>\n\n\n\n<p>El pasado fin de semana, los benjamines de la Escuela, nuestros judokas de futuro, participaron en la \u00faltima Fase del Deporte Escolar que se celebr\u00f3 en la localidad toledana de Consuegra.<\/p>\n\n\n\n<p>Ya hemos comentado en otras ocasiones que esta una categor\u00eda muy temperamental, en la que el coraz\u00f3n puede m\u00e1s que la cabeza, por lo que muchas veces los resultados pueden ser totalmente distintos de una Fase a otra.<\/p>\n\n\n\n<p>Nuestros judokas han demostrado una buena dosis de madurez y todos han cumplido con las expectativas que esper\u00e1bamos despu\u00e9s de los excelente resultado obtenidos en fases anteriores.<\/p>\n\n\n\n<p>Muchos de ellos son de \u00faltimo a\u00f1o y ya pasan a la categor\u00eda de Infantil, donde las cosas son mucho m\u00e1s serias y el premio a ser campe\u00f3n es acudir a la Fase Final del Campeonato de Espa\u00f1a\u2026 pero eso ya corresponde a la Temporada que viene.<\/p>\n\n\n\n<p>RESULTADOS<\/p>\n\n\n\n<ul class=\"wp-block-list\"><li>26 KILOS, PLATA, LUCAS PORDOMINGO<\/li><li>38 KILOS, ORO, ALVARO SEGOVIA   <\/li><li>38 KILOS, BRONCE, ALVARO AGARRABEITIA<\/li><li>47 KILOS, ORO, ALBERTO ENCIJO<\/li><li>56 KILOS, ORO, JOSE MIGUEL GALACHE<\/li><li>47 KILOS F, ORO, NIA KHIZANISHVILI<\/li><\/ul>\n\n\n\n<p>CAMPEONATO DE ESPA\u00d1A UNIVERSITARIO Y COPA DE ESPA\u00d1A DE BADAJOZ<\/p>\n\n\n\n<p>Dejando de lado a los competidores, el equipo arbitral del Aylu\/Deportivo Guadalajara sigue participando en los eventos m\u00e1s importantes del judo nacional. Por un lado, los hermanos Montero, Javi y Sergio, se fueron hasta Murcia para participar en los Campeonatos de Espa\u00f1a Universitarios. Una competici\u00f3n importante que les sirve para seguir aprendiendo Y cogiendo experiencia en un mundo tan dif\u00edcil como el del arbitraje.<\/p>\n\n\n\n<figure class=\"wp-block-image size-large\"><img decoding=\"async\" width=\"960\" height=\"769\" src=\"https:\/\/aylu.es\/wp-content\/uploads\/2022\/05\/280327773_8335361773156114_2506249347884658646_n-960x769.jpg\" alt=\"\" class=\"wp-image-516\" srcset=\"https:\/\/aylu.es\/wp-content\/uploads\/2022\/05\/280327773_8335361773156114_2506249347884658646_n-960x769.jpg 960w, https:\/\/aylu.es\/wp-content\/uploads\/2022\/05\/280327773_8335361773156114_2506249347884658646_n-300x240.jpg 300w, https:\/\/aylu.es\/wp-content\/uploads\/2022\/05\/280327773_8335361773156114_2506249347884658646_n-768x615.jpg 768w, https:\/\/aylu.es\/wp-content\/uploads\/2022\/05\/280327773_8335361773156114_2506249347884658646_n-720x577.jpg 720w, https:\/\/aylu.es\/wp-content\/uploads\/2022\/05\/280327773_8335361773156114_2506249347884658646_n-560x448.jpg 560w, https:\/\/aylu.es\/wp-content\/uploads\/2022\/05\/280327773_8335361773156114_2506249347884658646_n.jpg 1094w\" sizes=\"(max-width: 960px) 100vw, 960px\" \/><\/figure>\n\n\n\n<p>Por otro lado, los veteranos del grupo Alejandro Gil Y Juan Manuel Lorenzo estuvieron arbitrando la Copa de Espa\u00f1a Cadete de Don Benito (Badajoz), acompa\u00f1ados en este caso por Jos\u00e9 Andr\u00e9s Merino, actu\u00f3 como Comisionado de la Federaci\u00f3n Espa\u00f1ola en la misma competici\u00f3n.<\/p>\n\n\n\n<p>COPA DE EUROPA JUNIOR MALAGA 2022<\/p>\n\n\n\n<p>Dentro del Circuito Europeo Junior, los d\u00edas 20, 21 y 22 se celebr\u00f3 en M\u00e1laga una de sus Copas puntuables. Con casi 400 participantes, se vieron combates de aut\u00e9ntico lujo y cont\u00f3 con la presencia de m\u00e1s de 30 nacionalidades entre los que se encontraba el equipo japon\u00e9s. Un aut\u00e9ntico lujo ver en directo la calidad t\u00e9cnica de todos los componentes del equipo nip\u00f3n. En esta Copa, nuestro internacional Jos\u00e9 Andr\u00e9s Merino act\u00fao como \u00e1rbitro, pasando al bloque de finales los dos d\u00edas de competici\u00f3n.<\/p>\n\n\n\n<figure class=\"wp-block-image size-full\"><img decoding=\"async\" width=\"960\" height=\"640\" src=\"https:\/\/aylu.es\/wp-content\/uploads\/2022\/05\/image0.jpeg\" alt=\"\" class=\"wp-image-514\" srcset=\"https:\/\/aylu.es\/wp-content\/uploads\/2022\/05\/image0.jpeg 960w, https:\/\/aylu.es\/wp-content\/uploads\/2022\/05\/image0-300x200.jpeg 300w, https:\/\/aylu.es\/wp-content\/uploads\/2022\/05\/image0-768x512.jpeg 768w, https:\/\/aylu.es\/wp-content\/uploads\/2022\/05\/image0-720x480.jpeg 720w, https:\/\/aylu.es\/wp-content\/uploads\/2022\/05\/image0-560x373.jpeg 560w\" sizes=\"(max-width: 960px) 100vw, 960px\" \/><\/figure>\n\n\n\n<p>GALA DE LA FJYDACLM HOMENAJE A EUGENIO BENITO EN TOMELLOSO<\/p>\n\n\n\n<p>Como ya es habitual, cada a\u00f1o se hace un reconocimiento a los mejores deportistas y t\u00e9cnicos de cada una de las categor\u00edas, as\u00ed como la entrega de galardones, reconocimientos y cinturones honor\u00edficos.<\/p>\n\n\n\n<p>GALARDONADOS ESCUELA DE JUDO AYLU\/DEPORTIVO GUADALAJARA<\/p>\n\n\n\n<p>ALVARO SEGOVIA BLANCO<\/p>\n\n\n\n<p>Mejor Sub-13 38 kilos<\/p>\n\n\n\n<p>Mejor Kata Masculino Sub-13<\/p>\n\n\n\n<p>JOSE MIGUEL GALACHE TOMIC<\/p>\n\n\n\n<p>Mejor Sub-13 52 kilos<\/p>\n\n\n\n<p>Mejor kata Masculino Sub-13<\/p>\n\n\n\n<p>RODRIGO VAZQUEZ CAMARA<\/p>\n\n\n\n<p>Mejor Sub-15 Masculino 55 kilos<\/p>\n\n\n\n<p>ROCIO DE LA FUENTE MATILLA<\/p>\n\n\n\n<p>Mejor Kata Femenino Sub-15<\/p>\n\n\n\n<p>M\u00e9ritos Sub-15 Femenino -52 kilos<\/p>\n\n\n\n<p>FERNANDO SANZ PRIETO<\/p>\n\n\n\n<p>Mejor Kata Masculino Sub-15<\/p>\n\n\n\n<p>BERTA MERINO ROMERA<\/p>\n\n\n\n<p>Mejor Sub 18 Femenino 63 kilos<\/p>\n\n\n\n<p>Mejor Sub 21 Femenino 63 kilos<\/p>\n\n\n\n<p>ERICK YAGO FERNANDEZ<\/p>\n\n\n\n<p>M\u00e9ritos Sub-18 Masculino 60 kilos<\/p>\n","protected":false},"excerpt":{"rendered":"<p>ACTIVIDADES DE ESCUELA DE JUDO AYLU\/DEPORTIVO GUADALAJARA EN LOS ULTIMOS DIAS FASE FINAL DEPORTE ESCOLAR INFATIL El pasado fin de semana, los benjamines de la Escuela, nuestros judokas de futuro, participaron en la \u00faltima Fase del Deporte Escolar que se celebr\u00f3 en la localidad toledana de Consuegra. Ya hemos comentado en otras ocasiones que esta [&hellip;]<\/p>\n","protected":false},"author":1,"featured_media":515,"comment_status":"open","ping_status":"open","sticky":false,"template":"","format":"standard","meta":{"footnotes":""},"categories":[22,2],"tags":[],"class_list":["post-513","post","type-post","status-publish","format-standard","has-post-thumbnail","hentry","category-competiciones","category-noticias"],"_links":{"self":[{"href":"https:\/\/aylu.es\/index.php?rest_route=\/wp\/v2\/posts\/513","targetHints":{"allow":["GET"]}}],"collection":[{"href":"https:\/\/aylu.es\/index.php?rest_route=\/wp\/v2\/posts"}],"about":[{"href":"https:\/\/aylu.es\/index.php?rest_route=\/wp\/v2\/types\/post"}],"author":[{"embeddable":true,"href":"https:\/\/aylu.es\/index.php?rest_route=\/wp\/v2\/users\/1"}],"replies":[{"embeddable":true,"href":"https:\/\/aylu.es\/index.php?rest_route=%2Fwp%2Fv2%2Fcomments&post=513"}],"version-history":[{"count":1,"href":"https:\/\/aylu.es\/index.php?rest_route=\/wp\/v2\/posts\/513\/revisions"}],"predecessor-version":[{"id":517,"href":"https:\/\/aylu.es\/index.php?rest_route=\/wp\/v2\/posts\/513\/revisions\/517"}],"wp:featuredmedia":[{"embeddable":true,"href":"https:\/\/aylu.es\/index.php?rest_route=\/wp\/v2\/media\/515"}],"wp:attachment":[{"href":"https:\/\/aylu.es\/index.php?rest_route=%2Fwp%2Fv2%2Fmedia&parent=513"}],"wp:term":[{"taxonomy":"category","embeddable":true,"href":"https:\/\/aylu.es\/index.php?rest_route=%2Fwp%2Fv2%2Fcategories&post=513"},{"taxonomy":"post_tag","embeddable":true,"href":"https:\/\/aylu.es\/index.php?rest_route=%2Fwp%2Fv2%2Ftags&post=513"}],"curies":[{"name":"wp","href":"https:\/\/api.w.org\/{rel}","templated":true}]}}