{"id":523,"date":"2022-11-09T17:38:16","date_gmt":"2022-11-09T17:38:16","guid":{"rendered":"https:\/\/aylu.es\/?p=523"},"modified":"2024-03-07T17:44:20","modified_gmt":"2024-03-07T17:44:20","slug":"jornadas-contra-la-violencia-de-genero-2022-guadalajara","status":"publish","type":"post","link":"https:\/\/aylu.es\/?p=523","title":{"rendered":"Jornadas contra la violencia de G\u00e9nero 2022, Guadalajara"},"content":{"rendered":"\n<h2 class=\"wp-block-heading\"><em>M\u00e1s de 150 participantes en una nueva edici\u00f3n celebrada en el Palacio Multiusos de Guadalajara<\/em><\/h2>\n\n\n\n<p>Con el amparo del Consejo Superior de Deportes, la Real Federaci\u00f3n Espa\u00f1ola de Judo, la Federaci\u00f3n de Castilla la Mancha de Judo y la colaboraci\u00f3n del Excmo. Ayuntamiento de Guadalajara, la Escuela de Judo Aylu organiz\u00f3 una vez m\u00e1s estas importantes jornadas.<\/p>\n\n\n\n<p>Algo m\u00e1s de ciento cincuenta participantes se dieron cita en la tarde del pasado s\u00e1bado en las instalaciones de la Carpa Anexa del Palacio Multiusos de Guadalajara. Los participantes, adem\u00e1s de participar activamente en la clase que se imparti\u00f3, tuvieron la oportunidad de escuchar charlas sobre el tema que ocupaba la reuni\u00f3n impartidas por integrantes de Guardia Civil y Policia Municipal expertos en el tema.<\/p>\n\n\n\n<p>Fue una jornada en la que ni\u00f1os y no tan ni\u00f1os, con su familiares, disfrutaron de una tarde de deporte y convivencia luchando por un bien com\u00fan: que desaparezca todo tipo Violencia, pero especialmente la de G\u00e9nero.<\/p>\n\n\n\n<figure class=\"wp-block-embed is-type-rich is-provider-imgur wp-block-embed-imgur\"><div class=\"wp-block-embed__wrapper\">\n<blockquote class=\"imgur-embed-pub\" lang=\"en\" data-id=\"a\/ZuVWkdS\"><a href=\"https:\/\/imgur.com\/a\/ZuVWkdS\">Jornadas Contra la Violencia de Genero 2022 Guadalajara<\/a><\/blockquote><script async src=\"\/\/s.imgur.com\/min\/embed.js\" charset=\"utf-8\"><\/script>\n<\/div><figcaption>Galer\u00eda Completa de la Jornada<\/figcaption><\/figure>\n\n\n\n<p><\/p>\n","protected":false},"excerpt":{"rendered":"<p>M\u00e1s de 150 participantes en una nueva edici\u00f3n celebrada en el Palacio Multiusos de Guadalajara Con el amparo del Consejo Superior de Deportes, la Real Federaci\u00f3n Espa\u00f1ola de Judo, la Federaci\u00f3n de Castilla la Mancha de Judo y la colaboraci\u00f3n del Excmo. Ayuntamiento de Guadalajara, la Escuela de Judo Aylu organiz\u00f3 una vez m\u00e1s estas [&hellip;]<\/p>\n","protected":false},"author":1,"featured_media":525,"comment_status":"open","ping_status":"open","sticky":false,"template":"","format":"standard","meta":{"footnotes":""},"categories":[22,2],"tags":[],"class_list":["post-523","post","type-post","status-publish","format-standard","has-post-thumbnail","hentry","category-competiciones","category-noticias"],"_links":{"self":[{"href":"https:\/\/aylu.es\/index.php?rest_route=\/wp\/v2\/posts\/523","targetHints":{"allow":["GET"]}}],"collection":[{"href":"https:\/\/aylu.es\/index.php?rest_route=\/wp\/v2\/posts"}],"about":[{"href":"https:\/\/aylu.es\/index.php?rest_route=\/wp\/v2\/types\/post"}],"author":[{"embeddable":true,"href":"https:\/\/aylu.es\/index.php?rest_route=\/wp\/v2\/users\/1"}],"replies":[{"embeddable":true,"href":"https:\/\/aylu.es\/index.php?rest_route=%2Fwp%2Fv2%2Fcomments&post=523"}],"version-history":[{"count":2,"href":"https:\/\/aylu.es\/index.php?rest_route=\/wp\/v2\/posts\/523\/revisions"}],"predecessor-version":[{"id":526,"href":"https:\/\/aylu.es\/index.php?rest_route=\/wp\/v2\/posts\/523\/revisions\/526"}],"wp:featuredmedia":[{"embeddable":true,"href":"https:\/\/aylu.es\/index.php?rest_route=\/wp\/v2\/media\/525"}],"wp:attachment":[{"href":"https:\/\/aylu.es\/index.php?rest_route=%2Fwp%2Fv2%2Fmedia&parent=523"}],"wp:term":[{"taxonomy":"category","embeddable":true,"href":"https:\/\/aylu.es\/index.php?rest_route=%2Fwp%2Fv2%2Fcategories&post=523"},{"taxonomy":"post_tag","embeddable":true,"href":"https:\/\/aylu.es\/index.php?rest_route=%2Fwp%2Fv2%2Ftags&post=523"}],"curies":[{"name":"wp","href":"https:\/\/api.w.org\/{rel}","templated":true}]}}