{"id":644,"date":"2023-02-09T18:33:04","date_gmt":"2023-02-09T18:33:04","guid":{"rendered":"https:\/\/aylu.es\/?p=644"},"modified":"2023-02-09T18:34:30","modified_gmt":"2023-02-09T18:34:30","slug":"i-fase-deporte-escolar-castilla-la-mancha-2023-en-albacete","status":"publish","type":"post","link":"https:\/\/aylu.es\/?p=644","title":{"rendered":"I Fase Deporte Escolar Castilla La Mancha 2023 en Albacete"},"content":{"rendered":"\n<p>El pasado fin de semana, concretamente el s\u00e1bado dia 4 de febrero se celebr\u00f3 la primera Fase del Deporte en Edad Escolar 2023 en el Polideportivo La Feria de Albacete.<\/p>\n\n\n\n<p>Hasta all\u00ed acudi\u00f3 la delegaci\u00f3n alcarre\u00f1a con seis representantes de la Escuela de Judo Aylu con diferentes resultados. Ya sabemos que en esta competici\u00f3n hay muchos altibajos y los chicos unos d\u00edas lo hacen muy bien y otros d\u00edas las cosas no salen.<\/p>\n\n\n\n<p>Es una categor\u00eda en la que el coraz\u00f3n puede m\u00e1s que la cabeza y las t\u00e1cticas de combate quedan en segundo plano. <\/p>\n\n\n\n<p>Los resultados fueron los siguientes:<\/p>\n\n\n\n<p>MEDALLA DE ORO: Nia Khizanishvili<\/p>\n\n\n\n<p>MEDALLAS DE PLATA: Rodrigo V\u00e1zquez, Carlos Encijo, Roc\u00edo de la Fuente y Alberto Encijo<\/p>\n\n\n\n<p>MEDALLA DE BRONCE: Elsa G\u00f3mez<\/p>\n\n\n\n<p>QUINTO CLASIFICADO: Alex Pordomingo<\/p>\n\n\n\n<figure class=\"wp-block-image size-large\"><img fetchpriority=\"high\" decoding=\"async\" width=\"960\" height=\"835\" src=\"https:\/\/aylu.es\/wp-content\/uploads\/2023\/02\/PHOTO-2023-02-05-20-51-55-960x835.jpg\" alt=\"\" class=\"wp-image-645\"\/><\/figure>\n","protected":false},"excerpt":{"rendered":"<p>El pasado fin de semana, concretamente el s\u00e1bado dia 4 de febrero se celebr\u00f3 la primera Fase del Deporte en Edad Escolar 2023 en el Polideportivo La Feria de Albacete. Hasta all\u00ed acudi\u00f3 la delegaci\u00f3n alcarre\u00f1a con seis representantes de la Escuela de Judo Aylu con diferentes resultados. Ya sabemos que en esta competici\u00f3n hay [&hellip;]<\/p>\n","protected":false},"author":1,"featured_media":645,"comment_status":"open","ping_status":"open","sticky":false,"template":"","format":"standard","meta":{"footnotes":""},"categories":[22,2],"tags":[32,34,13,33],"class_list":["post-644","post","type-post","status-publish","format-standard","has-post-thumbnail","hentry","category-competiciones","category-noticias","tag-aylu","tag-gimnasio-aylu","tag-judo","tag-judo-guadalajara"],"_links":{"self":[{"href":"https:\/\/aylu.es\/index.php?rest_route=\/wp\/v2\/posts\/644","targetHints":{"allow":["GET"]}}],"collection":[{"href":"https:\/\/aylu.es\/index.php?rest_route=\/wp\/v2\/posts"}],"about":[{"href":"https:\/\/aylu.es\/index.php?rest_route=\/wp\/v2\/types\/post"}],"author":[{"embeddable":true,"href":"https:\/\/aylu.es\/index.php?rest_route=\/wp\/v2\/users\/1"}],"replies":[{"embeddable":true,"href":"https:\/\/aylu.es\/index.php?rest_route=%2Fwp%2Fv2%2Fcomments&post=644"}],"version-history":[{"count":1,"href":"https:\/\/aylu.es\/index.php?rest_route=\/wp\/v2\/posts\/644\/revisions"}],"predecessor-version":[{"id":646,"href":"https:\/\/aylu.es\/index.php?rest_route=\/wp\/v2\/posts\/644\/revisions\/646"}],"wp:featuredmedia":[{"embeddable":true,"href":"https:\/\/aylu.es\/index.php?rest_route=\/wp\/v2\/media\/645"}],"wp:attachment":[{"href":"https:\/\/aylu.es\/index.php?rest_route=%2Fwp%2Fv2%2Fmedia&parent=644"}],"wp:term":[{"taxonomy":"category","embeddable":true,"href":"https:\/\/aylu.es\/index.php?rest_route=%2Fwp%2Fv2%2Fcategories&post=644"},{"taxonomy":"post_tag","embeddable":true,"href":"https:\/\/aylu.es\/index.php?rest_route=%2Fwp%2Fv2%2Ftags&post=644"}],"curies":[{"name":"wp","href":"https:\/\/api.w.org\/{rel}","templated":true}]}}