{"id":675,"date":"2023-03-06T14:54:23","date_gmt":"2023-03-06T14:54:23","guid":{"rendered":"https:\/\/aylu.es\/?p=675"},"modified":"2023-03-08T13:45:28","modified_gmt":"2023-03-08T13:45:28","slug":"nuestros-chicos-se-traen-un-botin-de-medallas-de-tomelloso-en-los-regionales-junior-y-de-kata","status":"publish","type":"post","link":"https:\/\/aylu.es\/?p=675","title":{"rendered":"Nuestros chicos se traen un bot\u00edn de medallas de Tomelloso en los Regionales Junior y de Kata"},"content":{"rendered":"\n<h2 class=\"has-vivid-cyan-blue-color has-text-color wp-block-heading\"><em>Tomelloso, una vez m\u00e1s, capital regional del judo manchego<\/em><\/h2>\n\n\n\n<p>Cerca de doscientos competidores se dieron cita en la localidad de Ciudad Real para dilucidar quienes iban a ser los campeones Regionales de la categor\u00eda Junior en la modalidad de competici\u00f3n, mientras que en la especialidad de Kata, se disputaron todas las categor\u00edas.<\/p>\n\n\n\n<p>Escuela de Judo Aylu estuvo presente en ambas modalidades y no han podido ser mejor los resultados ya que en ambas especialidades vamos a tener representantes en las siguientes fases. Para el junior, la siguiente fase ser\u00e1 el pr\u00f3ximo dia 18 de marzo, en la localidad malague\u00f1a de Mollina, donde se celebrar\u00e1 la Fase Sector Sur del Campeonato de Espa\u00f1a. Para los kata, los clasificados ir\u00e1n directamente a la Fase Final que se disputar\u00e1 el pr\u00f3ximo tres de junio.<\/p>\n\n\n\n<p>A pesar de la juventud de los judokas del Aylu, muchos de ellos todav\u00eda Cadetes de segundo a\u00f1o, los resultados podemos catalogarlos de excelentes. Se han enfrentado a rivales que les superan en 3-4 a\u00f1os y lo han hecho con mucha cabeza y explotando sus posibilidades. El judo es un deporte en el que muchas veces las victorias se consiguen con m\u00e1s cabeza que con coraz\u00f3n y f\u00edsico. Y este ha sido el caso de los judokas del Aylu.<\/p>\n\n\n\n<p>Ahora solo queda seguir entrenando fuerte y con la cabeza puesta en las siguientes citas, valorando positivamente el hecho de haber pasado a la siguiente fase y acumulando experiencia para temporadas venideras.<\/p>\n\n\n\n<p><strong>CAMPEONATO REGIONAL JUNIOR:<\/strong><\/p>\n\n\n\n<p><strong>48 KILOS FEMENINO: Elsa G\u00f3mez In\u00e9s, Medalla de Plata (Clasificada C. Espa\u00f1a)<\/strong><\/p>\n\n\n\n<p><strong>70 KILOS FEMENINO: Roc\u00edo de la Fuente Matilla, Medalla de Oro (Clasificada C. Espa\u00f1a<\/strong>)<\/p>\n\n\n\n<p>60 KILOS MASCULINO:<\/p>\n\n\n\n<p><strong>Carlos Encijo Torres, Medalla de Plata (Clasificado C.Espa\u00f1a)<\/strong><\/p>\n\n\n\n<p>Erick Yago Fern\u00e1ndez, Medalla de Bronce<\/p>\n\n\n\n<p>66 KILOS MASCULINO:<\/p>\n\n\n\n<p>Oscar Sanz Castillo, Medalla de Bronce<\/p>\n\n\n\n<p><strong>CLASIFICACION CAMPEONATO REGIONAL DE KATA<\/strong><\/p>\n\n\n\n<p>CATEGOR\u00cdA SUB-13<\/p>\n\n\n\n<p>Lucas Pordomingo \u2013 Noa de la Fuente , &nbsp;&nbsp;&nbsp;&nbsp;&nbsp; MEDALLA DE ORO<\/p>\n\n\n\n<p>Alvaro Segovia \u2013 Noelia Lupan, MEDALLA DE BRONCE<\/p>\n\n\n\n<p>CATEGORIA CADETE<\/p>\n\n\n\n<p>Rocio de la Fuente \u2013 Fernando Sanz, MEDALLA DE PLATA<\/p>\n\n\n\n<p>Carlos Encijo &#8211; Alex Pordomingo, MEDALLA DE BRONCE<\/p>\n\n\n\n<p>Alberto Encijo \u2013 Carlos Encijo, CUARTO CLASIFICADO<\/p>\n\n\n\n<p>CATEGOR\u00cdA JUNIOR<\/p>\n\n\n\n<p>Roc\u00edo de la Fuente \u2013 Eric Yago, MEDALLA DE ORO<\/p>\n\n\n\n<p><strong>CLASIFICADOS PARA CAMPEONATO DE ESPA\u00d1A DE KATA:<\/strong><\/p>\n\n\n\n<p>Roc\u00edo de la Fuente \u2013 Erick Yago<\/p>\n\n\n\n<p>Fernando Sanz \u2013 Carlos Encijo<\/p>\n","protected":false},"excerpt":{"rendered":"<p>Tomelloso, una vez m\u00e1s, capital regional del judo manchego Cerca de doscientos competidores se dieron cita en la localidad de Ciudad Real para dilucidar quienes iban a ser los campeones Regionales de la categor\u00eda Junior en la modalidad de competici\u00f3n, mientras que en la especialidad de Kata, se disputaron todas las categor\u00edas. Escuela de Judo [&hellip;]<\/p>\n","protected":false},"author":1,"featured_media":676,"comment_status":"open","ping_status":"open","sticky":false,"template":"","format":"standard","meta":{"footnotes":""},"categories":[22,2],"tags":[32,13,39,42,41],"class_list":["post-675","post","type-post","status-publish","format-standard","has-post-thumbnail","hentry","category-competiciones","category-noticias","tag-aylu","tag-judo","tag-junior","tag-regional-judo","tag-regional-junior"],"_links":{"self":[{"href":"https:\/\/aylu.es\/index.php?rest_route=\/wp\/v2\/posts\/675","targetHints":{"allow":["GET"]}}],"collection":[{"href":"https:\/\/aylu.es\/index.php?rest_route=\/wp\/v2\/posts"}],"about":[{"href":"https:\/\/aylu.es\/index.php?rest_route=\/wp\/v2\/types\/post"}],"author":[{"embeddable":true,"href":"https:\/\/aylu.es\/index.php?rest_route=\/wp\/v2\/users\/1"}],"replies":[{"embeddable":true,"href":"https:\/\/aylu.es\/index.php?rest_route=%2Fwp%2Fv2%2Fcomments&post=675"}],"version-history":[{"count":2,"href":"https:\/\/aylu.es\/index.php?rest_route=\/wp\/v2\/posts\/675\/revisions"}],"predecessor-version":[{"id":678,"href":"https:\/\/aylu.es\/index.php?rest_route=\/wp\/v2\/posts\/675\/revisions\/678"}],"wp:featuredmedia":[{"embeddable":true,"href":"https:\/\/aylu.es\/index.php?rest_route=\/wp\/v2\/media\/676"}],"wp:attachment":[{"href":"https:\/\/aylu.es\/index.php?rest_route=%2Fwp%2Fv2%2Fmedia&parent=675"}],"wp:term":[{"taxonomy":"category","embeddable":true,"href":"https:\/\/aylu.es\/index.php?rest_route=%2Fwp%2Fv2%2Fcategories&post=675"},{"taxonomy":"post_tag","embeddable":true,"href":"https:\/\/aylu.es\/index.php?rest_route=%2Fwp%2Fv2%2Ftags&post=675"}],"curies":[{"name":"wp","href":"https:\/\/api.w.org\/{rel}","templated":true}]}}