{"id":680,"date":"2023-04-02T08:54:14","date_gmt":"2023-04-02T08:54:14","guid":{"rendered":"https:\/\/aylu.es\/?p=680"},"modified":"2023-04-02T13:00:11","modified_gmt":"2023-04-02T13:00:11","slug":"dos-clasificados-del-aylu-para-la-fase-final-del-campeonato-de-espana-de-deporte-escolar","status":"publish","type":"post","link":"https:\/\/aylu.es\/?p=680","title":{"rendered":"Dos clasificados del Aylu para la Fase Final del Campeonato de Espa\u00f1a de Deporte Escolar"},"content":{"rendered":"\n<h2 class=\"has-vivid-cyan-blue-color has-text-color wp-block-heading\"><em>Roc\u00edo de la Fuente y N\u00eda Khizanishvil representantes del Aylu en el Campeonato de Espa\u00f1a<\/em><\/h2>\n\n\n\n<p>La temporada de los cadetes e infantiles en Castilla la Macha llegaba a su fin la pasada semana con la celebraci\u00f3n de la Fase Final de Castilla la Mancha de Deporte Escolar. Tomelloso recibi\u00f3 a casi 200 judokas que se jugaban la plaza para poder asistir a la Fase Final del Campeonato de Espa\u00f1a en Edad Escolar.<\/p>\n\n\n\n<p>El Aylu viaja con varias bazas pero al final las que se han llevado el gato al agua han sido dos f\u00e9minas. Por un lado, Rocio de la Fuente, ya veterana en estas lides, consigui\u00f3 la medalla de oro en su categor\u00eda y ser\u00e1 la segunda vez que acuda a una final del Campeonato de Espa\u00f1a.<\/p>\n\n\n\n<p>Por otro lado, N\u00eda Khizanishvil, un valor seguro, en su primer a\u00f1o est\u00e1 dando muestras de una gran valent\u00eda y capacidad de trabajo y esto da sus frutos. A pesar de su inexperiencia arroll\u00f3 a sus rivales y  gracias a su medalla de oro estar\u00e1 en el Campeonato de Espa\u00f1a.<\/p>\n\n\n\n<p>Alberto Encijo, Carlos Encijo y Rodrigo V\u00e1zquez se quedaron con la miel en los labios al subir al segundo escal\u00f3n de su categor\u00eda. Lo tuvieron en la mano, pero al final, no pudo ser, y su plata no se debe considerar un fracaso, sino un paso adelante para seguir trabajando y luchando por metas m\u00e1s altas.<\/p>\n\n\n\n<p>Elsa G\u00f3mez Carla Ramos pecaron un poco de inexperiencia pero el bronce no es un mal resultado. Su trabajo fue bueno pero deben \u00abmadurar\u00bb su judo y poco a poco seguir creciendo.<\/p>\n\n\n\n<p>Alex Pordomingo, quinto clasificado, lo tiene muy dificil. El paso de categor\u00eda es complicado y est\u00e1 en un peso en el que tiene grandes desventajas. Trabaj\u00f3 bien, pero tiene que esperar a que las cosas vayan evolucionando y que no haya tanta diferencia f\u00edsica con sus rivales.<\/p>\n\n\n\n<p>El campeonato de Espa\u00f1a se celebrar\u00e1 el 29 y 30 de abril en Madrid.<\/p>\n\n\n\n<p>Fotograf\u00edas de Oscar Sanz<\/p>\n\n\n\n<figure class=\"wp-block-gallery has-nested-images columns-default is-cropped wp-block-gallery-1 is-layout-flex wp-block-gallery-is-layout-flex\">\n<figure class=\"wp-block-image size-large\"><img fetchpriority=\"high\" decoding=\"async\" width=\"960\" height=\"640\" data-id=\"681\" src=\"https:\/\/aylu.es\/wp-content\/uploads\/2023\/04\/PHOTO-2023-03-30-22-34-12-2-960x640.jpg\" alt=\"\" class=\"wp-image-681\" srcset=\"https:\/\/aylu.es\/wp-content\/uploads\/2023\/04\/PHOTO-2023-03-30-22-34-12-2-960x640.jpg 960w, https:\/\/aylu.es\/wp-content\/uploads\/2023\/04\/PHOTO-2023-03-30-22-34-12-2-300x200.jpg 300w, https:\/\/aylu.es\/wp-content\/uploads\/2023\/04\/PHOTO-2023-03-30-22-34-12-2-768x512.jpg 768w, https:\/\/aylu.es\/wp-content\/uploads\/2023\/04\/PHOTO-2023-03-30-22-34-12-2-1536x1024.jpg 1536w, https:\/\/aylu.es\/wp-content\/uploads\/2023\/04\/PHOTO-2023-03-30-22-34-12-2-1024x683.jpg 1024w, https:\/\/aylu.es\/wp-content\/uploads\/2023\/04\/PHOTO-2023-03-30-22-34-12-2-1320x880.jpg 1320w, https:\/\/aylu.es\/wp-content\/uploads\/2023\/04\/PHOTO-2023-03-30-22-34-12-2.jpg 2048w\" sizes=\"(max-width: 960px) 100vw, 960px\" \/><\/figure>\n\n\n\n<figure class=\"wp-block-image size-large\"><img decoding=\"async\" width=\"960\" height=\"640\" data-id=\"682\" src=\"https:\/\/aylu.es\/wp-content\/uploads\/2023\/04\/PHOTO-2023-03-30-22-34-12-5-960x640.jpg\" alt=\"\" class=\"wp-image-682\" srcset=\"https:\/\/aylu.es\/wp-content\/uploads\/2023\/04\/PHOTO-2023-03-30-22-34-12-5-960x640.jpg 960w, https:\/\/aylu.es\/wp-content\/uploads\/2023\/04\/PHOTO-2023-03-30-22-34-12-5-300x200.jpg 300w, https:\/\/aylu.es\/wp-content\/uploads\/2023\/04\/PHOTO-2023-03-30-22-34-12-5-768x512.jpg 768w, https:\/\/aylu.es\/wp-content\/uploads\/2023\/04\/PHOTO-2023-03-30-22-34-12-5-1536x1024.jpg 1536w, https:\/\/aylu.es\/wp-content\/uploads\/2023\/04\/PHOTO-2023-03-30-22-34-12-5-1024x683.jpg 1024w, https:\/\/aylu.es\/wp-content\/uploads\/2023\/04\/PHOTO-2023-03-30-22-34-12-5-1320x880.jpg 1320w, https:\/\/aylu.es\/wp-content\/uploads\/2023\/04\/PHOTO-2023-03-30-22-34-12-5.jpg 2048w\" sizes=\"(max-width: 960px) 100vw, 960px\" \/><\/figure>\n\n\n\n<figure class=\"wp-block-image size-large\"><img decoding=\"async\" width=\"960\" height=\"640\" data-id=\"684\" src=\"https:\/\/aylu.es\/wp-content\/uploads\/2023\/04\/PHOTO-2023-03-30-22-34-12-960x640.jpg\" alt=\"\" class=\"wp-image-684\" srcset=\"https:\/\/aylu.es\/wp-content\/uploads\/2023\/04\/PHOTO-2023-03-30-22-34-12-960x640.jpg 960w, https:\/\/aylu.es\/wp-content\/uploads\/2023\/04\/PHOTO-2023-03-30-22-34-12-300x200.jpg 300w, https:\/\/aylu.es\/wp-content\/uploads\/2023\/04\/PHOTO-2023-03-30-22-34-12-768x512.jpg 768w, https:\/\/aylu.es\/wp-content\/uploads\/2023\/04\/PHOTO-2023-03-30-22-34-12-1536x1024.jpg 1536w, https:\/\/aylu.es\/wp-content\/uploads\/2023\/04\/PHOTO-2023-03-30-22-34-12-1024x683.jpg 1024w, https:\/\/aylu.es\/wp-content\/uploads\/2023\/04\/PHOTO-2023-03-30-22-34-12-1320x880.jpg 1320w, https:\/\/aylu.es\/wp-content\/uploads\/2023\/04\/PHOTO-2023-03-30-22-34-12.jpg 2048w\" sizes=\"(max-width: 960px) 100vw, 960px\" \/><\/figure>\n\n\n\n<figure class=\"wp-block-image size-large\"><img loading=\"lazy\" decoding=\"async\" width=\"960\" height=\"640\" data-id=\"688\" src=\"https:\/\/aylu.es\/wp-content\/uploads\/2023\/04\/PHOTO-2023-03-30-22-34-13-4-960x640.jpg\" alt=\"\" class=\"wp-image-688\" srcset=\"https:\/\/aylu.es\/wp-content\/uploads\/2023\/04\/PHOTO-2023-03-30-22-34-13-4-960x640.jpg 960w, https:\/\/aylu.es\/wp-content\/uploads\/2023\/04\/PHOTO-2023-03-30-22-34-13-4-300x200.jpg 300w, https:\/\/aylu.es\/wp-content\/uploads\/2023\/04\/PHOTO-2023-03-30-22-34-13-4-768x512.jpg 768w, https:\/\/aylu.es\/wp-content\/uploads\/2023\/04\/PHOTO-2023-03-30-22-34-13-4-1536x1024.jpg 1536w, https:\/\/aylu.es\/wp-content\/uploads\/2023\/04\/PHOTO-2023-03-30-22-34-13-4-1024x683.jpg 1024w, https:\/\/aylu.es\/wp-content\/uploads\/2023\/04\/PHOTO-2023-03-30-22-34-13-4-1320x880.jpg 1320w, https:\/\/aylu.es\/wp-content\/uploads\/2023\/04\/PHOTO-2023-03-30-22-34-13-4.jpg 2048w\" sizes=\"(max-width: 960px) 100vw, 960px\" \/><\/figure>\n\n\n\n<figure class=\"wp-block-image size-large\"><img loading=\"lazy\" decoding=\"async\" width=\"960\" height=\"640\" data-id=\"685\" src=\"https:\/\/aylu.es\/wp-content\/uploads\/2023\/04\/PHOTO-2023-03-30-22-34-13-6-960x640.jpg\" alt=\"\" class=\"wp-image-685\" srcset=\"https:\/\/aylu.es\/wp-content\/uploads\/2023\/04\/PHOTO-2023-03-30-22-34-13-6-960x640.jpg 960w, https:\/\/aylu.es\/wp-content\/uploads\/2023\/04\/PHOTO-2023-03-30-22-34-13-6-300x200.jpg 300w, https:\/\/aylu.es\/wp-content\/uploads\/2023\/04\/PHOTO-2023-03-30-22-34-13-6-768x512.jpg 768w, https:\/\/aylu.es\/wp-content\/uploads\/2023\/04\/PHOTO-2023-03-30-22-34-13-6-1536x1024.jpg 1536w, https:\/\/aylu.es\/wp-content\/uploads\/2023\/04\/PHOTO-2023-03-30-22-34-13-6-1024x683.jpg 1024w, https:\/\/aylu.es\/wp-content\/uploads\/2023\/04\/PHOTO-2023-03-30-22-34-13-6-1320x880.jpg 1320w, https:\/\/aylu.es\/wp-content\/uploads\/2023\/04\/PHOTO-2023-03-30-22-34-13-6.jpg 2048w\" sizes=\"(max-width: 960px) 100vw, 960px\" \/><\/figure>\n\n\n\n<figure class=\"wp-block-image size-large\"><img loading=\"lazy\" decoding=\"async\" width=\"960\" height=\"640\" data-id=\"686\" src=\"https:\/\/aylu.es\/wp-content\/uploads\/2023\/04\/PHOTO-2023-03-30-22-34-13-960x640.jpg\" alt=\"\" class=\"wp-image-686\" srcset=\"https:\/\/aylu.es\/wp-content\/uploads\/2023\/04\/PHOTO-2023-03-30-22-34-13-960x640.jpg 960w, https:\/\/aylu.es\/wp-content\/uploads\/2023\/04\/PHOTO-2023-03-30-22-34-13-300x200.jpg 300w, https:\/\/aylu.es\/wp-content\/uploads\/2023\/04\/PHOTO-2023-03-30-22-34-13-768x512.jpg 768w, https:\/\/aylu.es\/wp-content\/uploads\/2023\/04\/PHOTO-2023-03-30-22-34-13-1536x1024.jpg 1536w, https:\/\/aylu.es\/wp-content\/uploads\/2023\/04\/PHOTO-2023-03-30-22-34-13-1024x683.jpg 1024w, https:\/\/aylu.es\/wp-content\/uploads\/2023\/04\/PHOTO-2023-03-30-22-34-13-1320x880.jpg 1320w, https:\/\/aylu.es\/wp-content\/uploads\/2023\/04\/PHOTO-2023-03-30-22-34-13.jpg 2048w\" sizes=\"(max-width: 960px) 100vw, 960px\" \/><\/figure>\n\n\n\n<figure class=\"wp-block-image size-large\"><img loading=\"lazy\" decoding=\"async\" width=\"960\" height=\"640\" data-id=\"683\" src=\"https:\/\/aylu.es\/wp-content\/uploads\/2023\/04\/PHOTO-2023-03-30-22-34-14-3-960x640.jpg\" alt=\"\" class=\"wp-image-683\" srcset=\"https:\/\/aylu.es\/wp-content\/uploads\/2023\/04\/PHOTO-2023-03-30-22-34-14-3-960x640.jpg 960w, https:\/\/aylu.es\/wp-content\/uploads\/2023\/04\/PHOTO-2023-03-30-22-34-14-3-300x200.jpg 300w, https:\/\/aylu.es\/wp-content\/uploads\/2023\/04\/PHOTO-2023-03-30-22-34-14-3-768x512.jpg 768w, https:\/\/aylu.es\/wp-content\/uploads\/2023\/04\/PHOTO-2023-03-30-22-34-14-3-1536x1024.jpg 1536w, https:\/\/aylu.es\/wp-content\/uploads\/2023\/04\/PHOTO-2023-03-30-22-34-14-3-1024x683.jpg 1024w, https:\/\/aylu.es\/wp-content\/uploads\/2023\/04\/PHOTO-2023-03-30-22-34-14-3-1320x880.jpg 1320w, https:\/\/aylu.es\/wp-content\/uploads\/2023\/04\/PHOTO-2023-03-30-22-34-14-3.jpg 2048w\" sizes=\"(max-width: 960px) 100vw, 960px\" \/><\/figure>\n\n\n\n<figure class=\"wp-block-image size-large\"><img loading=\"lazy\" decoding=\"async\" width=\"960\" height=\"640\" data-id=\"687\" src=\"https:\/\/aylu.es\/wp-content\/uploads\/2023\/04\/PHOTO-2023-03-30-22-34-14-5-960x640.jpg\" alt=\"\" class=\"wp-image-687\" srcset=\"https:\/\/aylu.es\/wp-content\/uploads\/2023\/04\/PHOTO-2023-03-30-22-34-14-5-960x640.jpg 960w, https:\/\/aylu.es\/wp-content\/uploads\/2023\/04\/PHOTO-2023-03-30-22-34-14-5-300x200.jpg 300w, https:\/\/aylu.es\/wp-content\/uploads\/2023\/04\/PHOTO-2023-03-30-22-34-14-5-768x512.jpg 768w, https:\/\/aylu.es\/wp-content\/uploads\/2023\/04\/PHOTO-2023-03-30-22-34-14-5-1536x1024.jpg 1536w, https:\/\/aylu.es\/wp-content\/uploads\/2023\/04\/PHOTO-2023-03-30-22-34-14-5-1024x683.jpg 1024w, https:\/\/aylu.es\/wp-content\/uploads\/2023\/04\/PHOTO-2023-03-30-22-34-14-5-1320x880.jpg 1320w, https:\/\/aylu.es\/wp-content\/uploads\/2023\/04\/PHOTO-2023-03-30-22-34-14-5.jpg 2048w\" sizes=\"(max-width: 960px) 100vw, 960px\" \/><\/figure>\n\n\n\n<figure class=\"wp-block-image size-large\"><img loading=\"lazy\" decoding=\"async\" width=\"960\" height=\"640\" data-id=\"689\" src=\"https:\/\/aylu.es\/wp-content\/uploads\/2023\/04\/PHOTO-2023-03-30-22-34-15-2-960x640.jpg\" alt=\"\" class=\"wp-image-689\" srcset=\"https:\/\/aylu.es\/wp-content\/uploads\/2023\/04\/PHOTO-2023-03-30-22-34-15-2-960x640.jpg 960w, https:\/\/aylu.es\/wp-content\/uploads\/2023\/04\/PHOTO-2023-03-30-22-34-15-2-300x200.jpg 300w, https:\/\/aylu.es\/wp-content\/uploads\/2023\/04\/PHOTO-2023-03-30-22-34-15-2-768x512.jpg 768w, https:\/\/aylu.es\/wp-content\/uploads\/2023\/04\/PHOTO-2023-03-30-22-34-15-2-1536x1024.jpg 1536w, https:\/\/aylu.es\/wp-content\/uploads\/2023\/04\/PHOTO-2023-03-30-22-34-15-2-1024x683.jpg 1024w, https:\/\/aylu.es\/wp-content\/uploads\/2023\/04\/PHOTO-2023-03-30-22-34-15-2-1320x880.jpg 1320w, https:\/\/aylu.es\/wp-content\/uploads\/2023\/04\/PHOTO-2023-03-30-22-34-15-2.jpg 2048w\" sizes=\"(max-width: 960px) 100vw, 960px\" \/><\/figure>\n\n\n\n<figure class=\"wp-block-image size-large\"><img loading=\"lazy\" decoding=\"async\" width=\"960\" height=\"640\" data-id=\"691\" src=\"https:\/\/aylu.es\/wp-content\/uploads\/2023\/04\/PHOTO-2023-03-30-22-34-15-3-960x640.jpg\" alt=\"\" class=\"wp-image-691\" srcset=\"https:\/\/aylu.es\/wp-content\/uploads\/2023\/04\/PHOTO-2023-03-30-22-34-15-3-960x640.jpg 960w, https:\/\/aylu.es\/wp-content\/uploads\/2023\/04\/PHOTO-2023-03-30-22-34-15-3-300x200.jpg 300w, https:\/\/aylu.es\/wp-content\/uploads\/2023\/04\/PHOTO-2023-03-30-22-34-15-3-768x512.jpg 768w, https:\/\/aylu.es\/wp-content\/uploads\/2023\/04\/PHOTO-2023-03-30-22-34-15-3-1536x1024.jpg 1536w, https:\/\/aylu.es\/wp-content\/uploads\/2023\/04\/PHOTO-2023-03-30-22-34-15-3-1024x683.jpg 1024w, https:\/\/aylu.es\/wp-content\/uploads\/2023\/04\/PHOTO-2023-03-30-22-34-15-3-1320x880.jpg 1320w, https:\/\/aylu.es\/wp-content\/uploads\/2023\/04\/PHOTO-2023-03-30-22-34-15-3.jpg 2048w\" sizes=\"(max-width: 960px) 100vw, 960px\" \/><\/figure>\n\n\n\n<figure class=\"wp-block-image size-large\"><img loading=\"lazy\" decoding=\"async\" width=\"960\" height=\"640\" data-id=\"690\" src=\"https:\/\/aylu.es\/wp-content\/uploads\/2023\/04\/PHOTO-2023-03-30-22-34-15-6-960x640.jpg\" alt=\"\" class=\"wp-image-690\" srcset=\"https:\/\/aylu.es\/wp-content\/uploads\/2023\/04\/PHOTO-2023-03-30-22-34-15-6-960x640.jpg 960w, https:\/\/aylu.es\/wp-content\/uploads\/2023\/04\/PHOTO-2023-03-30-22-34-15-6-300x200.jpg 300w, https:\/\/aylu.es\/wp-content\/uploads\/2023\/04\/PHOTO-2023-03-30-22-34-15-6-768x512.jpg 768w, https:\/\/aylu.es\/wp-content\/uploads\/2023\/04\/PHOTO-2023-03-30-22-34-15-6-1536x1024.jpg 1536w, https:\/\/aylu.es\/wp-content\/uploads\/2023\/04\/PHOTO-2023-03-30-22-34-15-6-1024x683.jpg 1024w, https:\/\/aylu.es\/wp-content\/uploads\/2023\/04\/PHOTO-2023-03-30-22-34-15-6-1320x880.jpg 1320w, https:\/\/aylu.es\/wp-content\/uploads\/2023\/04\/PHOTO-2023-03-30-22-34-15-6.jpg 2048w\" sizes=\"(max-width: 960px) 100vw, 960px\" \/><\/figure>\n\n\n\n<figure class=\"wp-block-image size-large\"><img loading=\"lazy\" decoding=\"async\" width=\"960\" height=\"640\" data-id=\"692\" src=\"https:\/\/aylu.es\/wp-content\/uploads\/2023\/04\/PHOTO-2023-03-30-22-34-15-960x640.jpg\" alt=\"\" class=\"wp-image-692\" srcset=\"https:\/\/aylu.es\/wp-content\/uploads\/2023\/04\/PHOTO-2023-03-30-22-34-15-960x640.jpg 960w, https:\/\/aylu.es\/wp-content\/uploads\/2023\/04\/PHOTO-2023-03-30-22-34-15-300x200.jpg 300w, https:\/\/aylu.es\/wp-content\/uploads\/2023\/04\/PHOTO-2023-03-30-22-34-15-768x512.jpg 768w, https:\/\/aylu.es\/wp-content\/uploads\/2023\/04\/PHOTO-2023-03-30-22-34-15-1536x1024.jpg 1536w, https:\/\/aylu.es\/wp-content\/uploads\/2023\/04\/PHOTO-2023-03-30-22-34-15-1024x683.jpg 1024w, https:\/\/aylu.es\/wp-content\/uploads\/2023\/04\/PHOTO-2023-03-30-22-34-15-1320x880.jpg 1320w, https:\/\/aylu.es\/wp-content\/uploads\/2023\/04\/PHOTO-2023-03-30-22-34-15.jpg 2048w\" sizes=\"(max-width: 960px) 100vw, 960px\" \/><\/figure>\n\n\n\n<figure class=\"wp-block-image size-large\"><img loading=\"lazy\" decoding=\"async\" width=\"960\" height=\"640\" data-id=\"693\" src=\"https:\/\/aylu.es\/wp-content\/uploads\/2023\/04\/PHOTO-2023-03-30-22-34-16-2-960x640.jpg\" alt=\"\" class=\"wp-image-693\" srcset=\"https:\/\/aylu.es\/wp-content\/uploads\/2023\/04\/PHOTO-2023-03-30-22-34-16-2-960x640.jpg 960w, https:\/\/aylu.es\/wp-content\/uploads\/2023\/04\/PHOTO-2023-03-30-22-34-16-2-300x200.jpg 300w, https:\/\/aylu.es\/wp-content\/uploads\/2023\/04\/PHOTO-2023-03-30-22-34-16-2-768x512.jpg 768w, https:\/\/aylu.es\/wp-content\/uploads\/2023\/04\/PHOTO-2023-03-30-22-34-16-2-1536x1024.jpg 1536w, https:\/\/aylu.es\/wp-content\/uploads\/2023\/04\/PHOTO-2023-03-30-22-34-16-2-1024x683.jpg 1024w, https:\/\/aylu.es\/wp-content\/uploads\/2023\/04\/PHOTO-2023-03-30-22-34-16-2-1320x880.jpg 1320w, https:\/\/aylu.es\/wp-content\/uploads\/2023\/04\/PHOTO-2023-03-30-22-34-16-2.jpg 2048w\" sizes=\"(max-width: 960px) 100vw, 960px\" \/><\/figure>\n\n\n\n<figure class=\"wp-block-image size-large\"><img loading=\"lazy\" decoding=\"async\" width=\"960\" height=\"640\" data-id=\"694\" src=\"https:\/\/aylu.es\/wp-content\/uploads\/2023\/04\/PHOTO-2023-03-30-22-34-16-3-960x640.jpg\" alt=\"\" class=\"wp-image-694\" srcset=\"https:\/\/aylu.es\/wp-content\/uploads\/2023\/04\/PHOTO-2023-03-30-22-34-16-3-960x640.jpg 960w, https:\/\/aylu.es\/wp-content\/uploads\/2023\/04\/PHOTO-2023-03-30-22-34-16-3-300x200.jpg 300w, https:\/\/aylu.es\/wp-content\/uploads\/2023\/04\/PHOTO-2023-03-30-22-34-16-3-768x512.jpg 768w, https:\/\/aylu.es\/wp-content\/uploads\/2023\/04\/PHOTO-2023-03-30-22-34-16-3-1536x1024.jpg 1536w, https:\/\/aylu.es\/wp-content\/uploads\/2023\/04\/PHOTO-2023-03-30-22-34-16-3-1024x683.jpg 1024w, https:\/\/aylu.es\/wp-content\/uploads\/2023\/04\/PHOTO-2023-03-30-22-34-16-3-1320x880.jpg 1320w, https:\/\/aylu.es\/wp-content\/uploads\/2023\/04\/PHOTO-2023-03-30-22-34-16-3.jpg 2048w\" sizes=\"(max-width: 960px) 100vw, 960px\" \/><\/figure>\n<\/figure>\n","protected":false},"excerpt":{"rendered":"<p>Roc\u00edo de la Fuente y N\u00eda Khizanishvil representantes del Aylu en el Campeonato de Espa\u00f1a La temporada de los cadetes e infantiles en Castilla la Macha llegaba a su fin la pasada semana con la celebraci\u00f3n de la Fase Final de Castilla la Mancha de Deporte Escolar. Tomelloso recibi\u00f3 a casi 200 judokas que se [&hellip;]<\/p>\n","protected":false},"author":1,"featured_media":684,"comment_status":"open","ping_status":"open","sticky":false,"template":"","format":"standard","meta":{"footnotes":""},"categories":[22,2],"tags":[32,44,37,43,13],"class_list":["post-680","post","type-post","status-publish","format-standard","has-post-thumbnail","hentry","category-competiciones","category-noticias","tag-aylu","tag-aylu-judo","tag-deporte-escolar","tag-guadalajara-judo","tag-judo"],"_links":{"self":[{"href":"https:\/\/aylu.es\/index.php?rest_route=\/wp\/v2\/posts\/680","targetHints":{"allow":["GET"]}}],"collection":[{"href":"https:\/\/aylu.es\/index.php?rest_route=\/wp\/v2\/posts"}],"about":[{"href":"https:\/\/aylu.es\/index.php?rest_route=\/wp\/v2\/types\/post"}],"author":[{"embeddable":true,"href":"https:\/\/aylu.es\/index.php?rest_route=\/wp\/v2\/users\/1"}],"replies":[{"embeddable":true,"href":"https:\/\/aylu.es\/index.php?rest_route=%2Fwp%2Fv2%2Fcomments&post=680"}],"version-history":[{"count":3,"href":"https:\/\/aylu.es\/index.php?rest_route=\/wp\/v2\/posts\/680\/revisions"}],"predecessor-version":[{"id":697,"href":"https:\/\/aylu.es\/index.php?rest_route=\/wp\/v2\/posts\/680\/revisions\/697"}],"wp:featuredmedia":[{"embeddable":true,"href":"https:\/\/aylu.es\/index.php?rest_route=\/wp\/v2\/media\/684"}],"wp:attachment":[{"href":"https:\/\/aylu.es\/index.php?rest_route=%2Fwp%2Fv2%2Fmedia&parent=680"}],"wp:term":[{"taxonomy":"category","embeddable":true,"href":"https:\/\/aylu.es\/index.php?rest_route=%2Fwp%2Fv2%2Fcategories&post=680"},{"taxonomy":"post_tag","embeddable":true,"href":"https:\/\/aylu.es\/index.php?rest_route=%2Fwp%2Fv2%2Ftags&post=680"}],"curies":[{"name":"wp","href":"https:\/\/api.w.org\/{rel}","templated":true}]}}