{"id":7,"date":"2019-02-12T18:42:25","date_gmt":"2019-02-12T18:42:25","guid":{"rendered":"http:\/\/aylu.es\/?p=7"},"modified":"2019-02-12T18:42:28","modified_gmt":"2019-02-12T18:42:28","slug":"ii-jornada-deporte-escolar-clm","status":"publish","type":"post","link":"https:\/\/aylu.es\/?p=7","title":{"rendered":"II Jornada Deporte Escolar CLM"},"content":{"rendered":"\n<p>La segunda jornada del Deporte Escolar en CLM para las categor\u00edas Infantil y Cadete, tanto masculino como femenino, se celebrar\u00e1 el pr\u00f3ximo dia 17 de febrero en el Polideportivo David Santamar\u00eda de Guadalajara a partir de las 10:00 de la ma\u00f1ana.<\/p>\n","protected":false},"excerpt":{"rendered":"<p>La segunda jornada del Deporte Escolar en CLM para las categor\u00edas Infantil y Cadete, tanto masculino como femenino, se celebrar\u00e1 el pr\u00f3ximo dia 17 de febrero en el Polideportivo David Santamar\u00eda de Guadalajara a partir de las 10:00 de la ma\u00f1ana.<\/p>\n","protected":false},"author":1,"featured_media":0,"comment_status":"open","ping_status":"open","sticky":false,"template":"","format":"standard","meta":{"footnotes":""},"categories":[2],"tags":[],"class_list":["post-7","post","type-post","status-publish","format-standard","hentry","category-noticias"],"_links":{"self":[{"href":"https:\/\/aylu.es\/index.php?rest_route=\/wp\/v2\/posts\/7","targetHints":{"allow":["GET"]}}],"collection":[{"href":"https:\/\/aylu.es\/index.php?rest_route=\/wp\/v2\/posts"}],"about":[{"href":"https:\/\/aylu.es\/index.php?rest_route=\/wp\/v2\/types\/post"}],"author":[{"embeddable":true,"href":"https:\/\/aylu.es\/index.php?rest_route=\/wp\/v2\/users\/1"}],"replies":[{"embeddable":true,"href":"https:\/\/aylu.es\/index.php?rest_route=%2Fwp%2Fv2%2Fcomments&post=7"}],"version-history":[{"count":1,"href":"https:\/\/aylu.es\/index.php?rest_route=\/wp\/v2\/posts\/7\/revisions"}],"predecessor-version":[{"id":8,"href":"https:\/\/aylu.es\/index.php?rest_route=\/wp\/v2\/posts\/7\/revisions\/8"}],"wp:attachment":[{"href":"https:\/\/aylu.es\/index.php?rest_route=%2Fwp%2Fv2%2Fmedia&parent=7"}],"wp:term":[{"taxonomy":"category","embeddable":true,"href":"https:\/\/aylu.es\/index.php?rest_route=%2Fwp%2Fv2%2Fcategories&post=7"},{"taxonomy":"post_tag","embeddable":true,"href":"https:\/\/aylu.es\/index.php?rest_route=%2Fwp%2Fv2%2Ftags&post=7"}],"curies":[{"name":"wp","href":"https:\/\/api.w.org\/{rel}","templated":true}]}}