{"id":747,"date":"2023-07-09T13:58:43","date_gmt":"2023-07-09T13:58:43","guid":{"rendered":"https:\/\/aylu.es\/?p=747"},"modified":"2023-09-18T14:16:32","modified_gmt":"2023-09-18T14:16:32","slug":"nuevas-titulaciones-para-javi-murado-aitor-fierres-oscar-sanz-y-erik-yago","status":"publish","type":"post","link":"https:\/\/aylu.es\/?p=747","title":{"rendered":"Nuevas titulaciones para Javi Murado, Aitor Fierres, Pablo Ranera, Oscar Sanz y Erik Yago"},"content":{"rendered":"\n<h2 class=\"has-vivid-cyan-blue-color has-text-color wp-block-heading\"><em>Mes de julio, mes de ex\u00e1menes y nuestros judokas aprobaron todos con nota.<\/em><\/h2>\n\n\n\n<p>Durante el primer fin de semana de julio se celebraron en Guadalajara los ex\u00e1menes de pase de grado en el Polideportivo Alto Tajo. Por parte del Aylu, Javi Murado, Aitor Fierres y Pablo Ranera, con los ukes Oscar Sanz y Erik Yago, hicieron unos ex\u00e1menes con un nivel alt\u00edsimo, fruto del trabajo desarrollado durante toda la temporada. Sin ning\u00fan problema, los tres consiguieron el Cintur\u00f3n Negro 1\u00ba Dan. <\/p>\n\n\n\n<p>Una semana m\u00e1s tarde, los esforzados ukes,  Oscar y Erik, continuaron con su formaci\u00f3n. En este caso, hicieron el Curso de Titulaci\u00f3n Deportiva impartido por la Federaci\u00f3n Espa\u00f1ola de Judo y ambos consiguieron el Nivel 1 y desde el 8 de julio son Monitores de Judo.<\/p>\n\n\n\n<p>ENHORABUENA A LOS CINCO!!!!!<\/p>\n\n\n\n<figure class=\"wp-block-gallery has-nested-images columns-default is-cropped wp-block-gallery-1 is-layout-flex wp-block-gallery-is-layout-flex\">\n<figure class=\"wp-block-image size-large\"><img fetchpriority=\"high\" decoding=\"async\" width=\"720\" height=\"960\" data-id=\"751\" src=\"https:\/\/aylu.es\/wp-content\/uploads\/2023\/09\/Imagen-de-WhatsApp-2023-07-08-a-las-20.38.55-720x960.jpg\" alt=\"\" class=\"wp-image-751\" srcset=\"https:\/\/aylu.es\/wp-content\/uploads\/2023\/09\/Imagen-de-WhatsApp-2023-07-08-a-las-20.38.55-720x960.jpg 720w, https:\/\/aylu.es\/wp-content\/uploads\/2023\/09\/Imagen-de-WhatsApp-2023-07-08-a-las-20.38.55-225x300.jpg 225w, https:\/\/aylu.es\/wp-content\/uploads\/2023\/09\/Imagen-de-WhatsApp-2023-07-08-a-las-20.38.55-768x1024.jpg 768w, https:\/\/aylu.es\/wp-content\/uploads\/2023\/09\/Imagen-de-WhatsApp-2023-07-08-a-las-20.38.55-1152x1536.jpg 1152w, https:\/\/aylu.es\/wp-content\/uploads\/2023\/09\/Imagen-de-WhatsApp-2023-07-08-a-las-20.38.55-1024x1365.jpg 1024w, https:\/\/aylu.es\/wp-content\/uploads\/2023\/09\/Imagen-de-WhatsApp-2023-07-08-a-las-20.38.55.jpg 1200w\" sizes=\"(max-width: 720px) 100vw, 720px\" \/><\/figure>\n\n\n\n<figure class=\"wp-block-image size-large\"><img decoding=\"async\" width=\"641\" height=\"960\" data-id=\"750\" src=\"https:\/\/aylu.es\/wp-content\/uploads\/2023\/09\/53009660007_42a8f1efa8_b-641x960.jpg\" alt=\"\" class=\"wp-image-750\" srcset=\"https:\/\/aylu.es\/wp-content\/uploads\/2023\/09\/53009660007_42a8f1efa8_b-641x960.jpg 641w, https:\/\/aylu.es\/wp-content\/uploads\/2023\/09\/53009660007_42a8f1efa8_b-200x300.jpg 200w, https:\/\/aylu.es\/wp-content\/uploads\/2023\/09\/53009660007_42a8f1efa8_b.jpg 684w\" sizes=\"(max-width: 641px) 100vw, 641px\" \/><\/figure>\n\n\n\n<figure class=\"wp-block-image size-large\"><img decoding=\"async\" width=\"960\" height=\"720\" data-id=\"749\" src=\"https:\/\/aylu.es\/wp-content\/uploads\/2023\/09\/Imagen-de-WhatsApp-2023-09-18-a-las-15.56.58-960x720.jpg\" alt=\"\" class=\"wp-image-749\" srcset=\"https:\/\/aylu.es\/wp-content\/uploads\/2023\/09\/Imagen-de-WhatsApp-2023-09-18-a-las-15.56.58-960x720.jpg 960w, https:\/\/aylu.es\/wp-content\/uploads\/2023\/09\/Imagen-de-WhatsApp-2023-09-18-a-las-15.56.58-300x225.jpg 300w, https:\/\/aylu.es\/wp-content\/uploads\/2023\/09\/Imagen-de-WhatsApp-2023-09-18-a-las-15.56.58-768x576.jpg 768w, https:\/\/aylu.es\/wp-content\/uploads\/2023\/09\/Imagen-de-WhatsApp-2023-09-18-a-las-15.56.58.jpg 1024w\" sizes=\"(max-width: 960px) 100vw, 960px\" \/><\/figure>\n\n\n\n<figure class=\"wp-block-image size-large\"><img loading=\"lazy\" decoding=\"async\" width=\"720\" height=\"960\" data-id=\"748\" src=\"https:\/\/aylu.es\/wp-content\/uploads\/2023\/09\/Imagen-de-WhatsApp-2023-09-18-a-las-15.56.57-720x960.jpg\" alt=\"\" class=\"wp-image-748\" srcset=\"https:\/\/aylu.es\/wp-content\/uploads\/2023\/09\/Imagen-de-WhatsApp-2023-09-18-a-las-15.56.57-720x960.jpg 720w, https:\/\/aylu.es\/wp-content\/uploads\/2023\/09\/Imagen-de-WhatsApp-2023-09-18-a-las-15.56.57-225x300.jpg 225w, https:\/\/aylu.es\/wp-content\/uploads\/2023\/09\/Imagen-de-WhatsApp-2023-09-18-a-las-15.56.57.jpg 768w\" sizes=\"(max-width: 720px) 100vw, 720px\" \/><\/figure>\n<\/figure>\n","protected":false},"excerpt":{"rendered":"<p>Mes de julio, mes de ex\u00e1menes y nuestros judokas aprobaron todos con nota. Durante el primer fin de semana de julio se celebraron en Guadalajara los ex\u00e1menes de pase de grado en el Polideportivo Alto Tajo. Por parte del Aylu, Javi Murado, Aitor Fierres y Pablo Ranera, con los ukes Oscar Sanz y Erik Yago, [&hellip;]<\/p>\n","protected":false},"author":1,"featured_media":749,"comment_status":"open","ping_status":"open","sticky":false,"template":"","format":"standard","meta":{"footnotes":""},"categories":[2],"tags":[32,13,33],"class_list":["post-747","post","type-post","status-publish","format-standard","has-post-thumbnail","hentry","category-noticias","tag-aylu","tag-judo","tag-judo-guadalajara"],"_links":{"self":[{"href":"https:\/\/aylu.es\/index.php?rest_route=\/wp\/v2\/posts\/747","targetHints":{"allow":["GET"]}}],"collection":[{"href":"https:\/\/aylu.es\/index.php?rest_route=\/wp\/v2\/posts"}],"about":[{"href":"https:\/\/aylu.es\/index.php?rest_route=\/wp\/v2\/types\/post"}],"author":[{"embeddable":true,"href":"https:\/\/aylu.es\/index.php?rest_route=\/wp\/v2\/users\/1"}],"replies":[{"embeddable":true,"href":"https:\/\/aylu.es\/index.php?rest_route=%2Fwp%2Fv2%2Fcomments&post=747"}],"version-history":[{"count":3,"href":"https:\/\/aylu.es\/index.php?rest_route=\/wp\/v2\/posts\/747\/revisions"}],"predecessor-version":[{"id":754,"href":"https:\/\/aylu.es\/index.php?rest_route=\/wp\/v2\/posts\/747\/revisions\/754"}],"wp:featuredmedia":[{"embeddable":true,"href":"https:\/\/aylu.es\/index.php?rest_route=\/wp\/v2\/media\/749"}],"wp:attachment":[{"href":"https:\/\/aylu.es\/index.php?rest_route=%2Fwp%2Fv2%2Fmedia&parent=747"}],"wp:term":[{"taxonomy":"category","embeddable":true,"href":"https:\/\/aylu.es\/index.php?rest_route=%2Fwp%2Fv2%2Fcategories&post=747"},{"taxonomy":"post_tag","embeddable":true,"href":"https:\/\/aylu.es\/index.php?rest_route=%2Fwp%2Fv2%2Ftags&post=747"}],"curies":[{"name":"wp","href":"https:\/\/api.w.org\/{rel}","templated":true}]}}