{"id":766,"date":"2023-10-04T14:53:31","date_gmt":"2023-10-04T14:53:31","guid":{"rendered":"https:\/\/aylu.es\/?p=766"},"modified":"2023-10-04T14:53:50","modified_gmt":"2023-10-04T14:53:50","slug":"formulario-de-inscripcion-e-informacion-para-la-copa-de-espana-infantil-de-madrid-el-25-11-23","status":"publish","type":"post","link":"https:\/\/aylu.es\/?p=766","title":{"rendered":"Formulario de inscripci\u00f3n e informaci\u00f3n para la  Copa de Espa\u00f1a Infantil de Madrid el 25\/11\/23"},"content":{"rendered":"\n<p>Aqu\u00cd os dejamos el enlace para la Copa de Espa\u00f1a que se celebrar\u00e1 en Getafe el pr\u00f3ximo 25 de noviembre en Getafe para la categor\u00eda Infantil, nacidos en 2010 y 2011.<\/p>\n\n\n\n<p><a href=\"https:\/\/www.fmjudo.es\/attachments\/article\/5720\/Copa%20de%20Espa%C3%B1a%20Infantil%20Madrid%202023.pdf\">ENLACE DE CIRCULAR E INFORMACION<\/a><\/p>\n\n\n\n<p><a href=\"https:\/\/docs.google.com\/forms\/d\/e\/1FAIpQLSf6inWOLwcdR1D4iu0g8xQqJ_rJSySYZcRrJMI1ywS8qyhyCw\/viewform\" target=\"_blank\" rel=\"noreferrer noopener\">ENLACE FORMULARIO DE INSCRIPCION<\/a><\/p>\n\n\n\n<p><\/p>\n","protected":false},"excerpt":{"rendered":"<p>Aqu\u00cd os dejamos el enlace para la Copa de Espa\u00f1a que se celebrar\u00e1 en Getafe el pr\u00f3ximo 25 de noviembre en Getafe para la categor\u00eda Infantil, nacidos en 2010 y 2011. ENLACE DE CIRCULAR E INFORMACION ENLACE FORMULARIO DE INSCRIPCION<\/p>\n","protected":false},"author":1,"featured_media":767,"comment_status":"open","ping_status":"open","sticky":false,"template":"","format":"standard","meta":{"footnotes":""},"categories":[22,2],"tags":[58,53,33],"class_list":["post-766","post","type-post","status-publish","format-standard","has-post-thumbnail","hentry","category-competiciones","category-noticias","tag-aylu-guadalajara","tag-judo-aylu","tag-judo-guadalajara"],"_links":{"self":[{"href":"https:\/\/aylu.es\/index.php?rest_route=\/wp\/v2\/posts\/766","targetHints":{"allow":["GET"]}}],"collection":[{"href":"https:\/\/aylu.es\/index.php?rest_route=\/wp\/v2\/posts"}],"about":[{"href":"https:\/\/aylu.es\/index.php?rest_route=\/wp\/v2\/types\/post"}],"author":[{"embeddable":true,"href":"https:\/\/aylu.es\/index.php?rest_route=\/wp\/v2\/users\/1"}],"replies":[{"embeddable":true,"href":"https:\/\/aylu.es\/index.php?rest_route=%2Fwp%2Fv2%2Fcomments&post=766"}],"version-history":[{"count":2,"href":"https:\/\/aylu.es\/index.php?rest_route=\/wp\/v2\/posts\/766\/revisions"}],"predecessor-version":[{"id":769,"href":"https:\/\/aylu.es\/index.php?rest_route=\/wp\/v2\/posts\/766\/revisions\/769"}],"wp:featuredmedia":[{"embeddable":true,"href":"https:\/\/aylu.es\/index.php?rest_route=\/wp\/v2\/media\/767"}],"wp:attachment":[{"href":"https:\/\/aylu.es\/index.php?rest_route=%2Fwp%2Fv2%2Fmedia&parent=766"}],"wp:term":[{"taxonomy":"category","embeddable":true,"href":"https:\/\/aylu.es\/index.php?rest_route=%2Fwp%2Fv2%2Fcategories&post=766"},{"taxonomy":"post_tag","embeddable":true,"href":"https:\/\/aylu.es\/index.php?rest_route=%2Fwp%2Fv2%2Ftags&post=766"}],"curies":[{"name":"wp","href":"https:\/\/api.w.org\/{rel}","templated":true}]}}