{"id":794,"date":"2023-10-24T14:17:42","date_gmt":"2023-10-24T14:17:42","guid":{"rendered":"https:\/\/aylu.es\/?p=794"},"modified":"2023-10-24T14:17:51","modified_gmt":"2023-10-24T14:17:51","slug":"celebra-el-dia-mundial-del-judo-y-llevate-un-regalo","status":"publish","type":"post","link":"https:\/\/aylu.es\/?p=794","title":{"rendered":"Celebra el D\u00eda Mundial del Judo y ll\u00e9vate un regalo"},"content":{"rendered":"\n<p>Con motivo del Aniversario del nacimiento del fundador del Judo Jigoro Kano, que es el d\u00eda 28 de octubre, se ha instaurado a nivel mundial la celebraci\u00f3n del D\u00eda Mundial del Judo.<\/p>\n\n\n\n<p>Es una fecha importante para todos los que amamos este deporte, que inculca unos valores a sus practicantes que ning\u00fan otro hace. Disciplina, respeto, trabajo son m\u00e1ximas que todo judoka debe tener en cuenta.<\/p>\n\n\n\n<p>Para poder progresar en judo necesitas un compa\u00f1ero con el que practicar y que mejor fecha con motivo del D\u00eda Mundial del Judo para que invites a un amigo a practicar unas clases de judo y que conozca mejor y en primera persona lo que hacemos en el Dojo.  Esta promoci\u00f3n es valida desde el 23 de octubre hasta el 3 de noviembre en cualquiera de nuestras instalaciones y clases.<\/p>\n\n\n\n<p>Pero no olvides que si nos traes a un amigo, te llevar\u00e1s un regalo que usar\u00e1s todos los d\u00edas!!!!<\/p>\n\n\n\n<p><\/p>\n","protected":false},"excerpt":{"rendered":"<p>Con motivo del Aniversario del nacimiento del fundador del Judo Jigoro Kano, que es el d\u00eda 28 de octubre, se ha instaurado a nivel mundial la celebraci\u00f3n del D\u00eda Mundial del Judo. Es una fecha importante para todos los que amamos este deporte, que inculca unos valores a sus practicantes que ning\u00fan otro hace. Disciplina, [&hellip;]<\/p>\n","protected":false},"author":1,"featured_media":795,"comment_status":"open","ping_status":"open","sticky":false,"template":"","format":"standard","meta":{"footnotes":""},"categories":[7,2],"tags":[32,37,34,13,33],"class_list":["post-794","post","type-post","status-publish","format-standard","has-post-thumbnail","hentry","category-cuotas-horarios-y-actvidades","category-noticias","tag-aylu","tag-deporte-escolar","tag-gimnasio-aylu","tag-judo","tag-judo-guadalajara"],"_links":{"self":[{"href":"https:\/\/aylu.es\/index.php?rest_route=\/wp\/v2\/posts\/794","targetHints":{"allow":["GET"]}}],"collection":[{"href":"https:\/\/aylu.es\/index.php?rest_route=\/wp\/v2\/posts"}],"about":[{"href":"https:\/\/aylu.es\/index.php?rest_route=\/wp\/v2\/types\/post"}],"author":[{"embeddable":true,"href":"https:\/\/aylu.es\/index.php?rest_route=\/wp\/v2\/users\/1"}],"replies":[{"embeddable":true,"href":"https:\/\/aylu.es\/index.php?rest_route=%2Fwp%2Fv2%2Fcomments&post=794"}],"version-history":[{"count":1,"href":"https:\/\/aylu.es\/index.php?rest_route=\/wp\/v2\/posts\/794\/revisions"}],"predecessor-version":[{"id":796,"href":"https:\/\/aylu.es\/index.php?rest_route=\/wp\/v2\/posts\/794\/revisions\/796"}],"wp:featuredmedia":[{"embeddable":true,"href":"https:\/\/aylu.es\/index.php?rest_route=\/wp\/v2\/media\/795"}],"wp:attachment":[{"href":"https:\/\/aylu.es\/index.php?rest_route=%2Fwp%2Fv2%2Fmedia&parent=794"}],"wp:term":[{"taxonomy":"category","embeddable":true,"href":"https:\/\/aylu.es\/index.php?rest_route=%2Fwp%2Fv2%2Fcategories&post=794"},{"taxonomy":"post_tag","embeddable":true,"href":"https:\/\/aylu.es\/index.php?rest_route=%2Fwp%2Fv2%2Ftags&post=794"}],"curies":[{"name":"wp","href":"https:\/\/api.w.org\/{rel}","templated":true}]}}