{"id":835,"date":"2023-11-27T15:29:07","date_gmt":"2023-11-27T15:29:07","guid":{"rendered":"https:\/\/aylu.es\/?p=835"},"modified":"2023-11-27T15:34:41","modified_gmt":"2023-11-27T15:34:41","slug":"gran-resultado-de-los-judokas-del-aylu-en-la-copa-de-espana-de-judo-infantil-celebrada-en-getafe","status":"publish","type":"post","link":"https:\/\/aylu.es\/?p=835","title":{"rendered":"Gran resultado de los judokas del Aylu en la Copa de Espa\u00f1a de Judo Infantil celebrada en Getafe"},"content":{"rendered":"\n<p>Esta competici\u00f3n era una buena toma de contacto con la competici\u00f3n de cara a la pr\u00f3xima edici\u00f3n del Deporte Escolar en CLM que comenzar\u00e1 a primeros de a\u00f1o.<\/p>\n\n\n\n<p>La Copa de Espa\u00f1a est\u00e1 dividida en dos categor\u00edas, Elite y Competici\u00f3n, y todos los nuestros, al ser su primera participaci\u00f3n en una Copa de Espa\u00f1a lo hicieron el Competici\u00f3n. Todos tuvieron un comportamiento dentro del tatami excelente con buenos combates y victorias muy trabajadas, con buenas dosis de judo y tambi\u00e9n de experiencia.<\/p>\n\n\n\n<p>Alvaro Segovia, medalla de plata en -42 kilos A, lo hizo muy bien pero perdi\u00f3 el primer combate tal vez por los nervios y eso le releg\u00f3 a la segunda posici\u00f3n. Hizo otros dos m\u00e1s en los que sali\u00f3 vencedor, pero hay que destacar sobre todo el segundo, contra un rival muy fuerte al que marc\u00f3 wazari faltando 20 segundos, y en que gracias a su planteamiento t\u00e1ctico, su rival no puedo hacer nada.<\/p>\n\n\n\n<p>Alvaro Agarrabeitia fue oro -42kg B, venciendo sus tres combates de una manera muy trabajada y haciendo muy bien su trabajo durante el combate. <\/p>\n\n\n\n<p>Josemi Galache cuenta sus combates por victorias antes del tiempo. La medalla de oro merecida en +66kilos con dos combates ganados por ippon sin problemas.<\/p>\n\n\n\n<p>Daniel Hernandez, plata en -50kg A, lo ten\u00eda dif\u00edcil desde el principio. Tal vez sea el peso en el que m\u00e1s judo hay y sobre todo, donde los judokas son m\u00e1s fuertes y equilibrados. Gan\u00f3 dos combates de tres, pero si aumentar\u00e1 un poco su concentraci\u00f3n, los premios ser\u00edan m\u00e1s suculentos.<\/p>\n\n\n\n<p>Lucas Pordomingo, en -38 kg, es el que m\u00e1s complicado ten\u00eda conseguir un buen resultado. No es por falta de judo o de entrenamiento, ni tampoco de valor en el tatami. Es con mucho el m\u00e1s peque\u00f1o de la categor\u00eda, ya que con poco m\u00e1s de 30 kilos, compite con judokas de 38 kilos. Lo hizo muy bien, aguanto con dos rivales muy grandes, y en el tercer combate, con un rival algo m\u00e1s parecido f\u00edsicamente a \u00e9l, hizo un gran combate llev\u00e1ndose la victoria y alcanzando el bronce.<\/p>\n\n\n\n<p>Nia Kizanishvili, oro en -57 kg no tuvo rival. Hizo dos combates y no estuvo m\u00e0s de 15 segundos en el tatami. Venci\u00f3 los dos con total solvencia dando muestras de una gran superioridad.<\/p>\n\n\n\n<p>Noelia Lupan, plata -63kg, pago la inexperiencia en el primer combate. Era una rival de Murcia que ten\u00eda mucho judo y vez de esperar a ver el desarroll\u00f3 del combate, arriesg\u00f3 y le sali\u00f3 mal. Los dos combates restantes los gano con trabajo pero ambos antes del final del tiempo.<\/p>\n\n\n\n<p>Buen resultado para los judokas del Aylu que ya tienen la mirada puesta en las primeras Fases del Deporte Escolar.<\/p>\n\n\n\n<figure class=\"wp-block-image size-large\"><img fetchpriority=\"high\" decoding=\"async\" width=\"960\" height=\"720\" src=\"https:\/\/aylu.es\/wp-content\/uploads\/2023\/11\/IMG_8692-960x720.jpg\" alt=\"\" class=\"wp-image-836\"\/><\/figure>\n\n\n\n<p><\/p>\n","protected":false},"excerpt":{"rendered":"<p>Esta competici\u00f3n era una buena toma de contacto con la competici\u00f3n de cara a la pr\u00f3xima edici\u00f3n del Deporte Escolar en CLM que comenzar\u00e1 a primeros de a\u00f1o. La Copa de Espa\u00f1a est\u00e1 dividida en dos categor\u00edas, Elite y Competici\u00f3n, y todos los nuestros, al ser su primera participaci\u00f3n en una Copa de Espa\u00f1a lo [&hellip;]<\/p>\n","protected":false},"author":1,"featured_media":836,"comment_status":"open","ping_status":"open","sticky":false,"template":"","format":"standard","meta":{"footnotes":""},"categories":[22,2],"tags":[32,58,34,36,13,53,33],"class_list":["post-835","post","type-post","status-publish","format-standard","has-post-thumbnail","hentry","category-competiciones","category-noticias","tag-aylu","tag-aylu-guadalajara","tag-gimnasio-aylu","tag-guadalajara","tag-judo","tag-judo-aylu","tag-judo-guadalajara"],"_links":{"self":[{"href":"https:\/\/aylu.es\/index.php?rest_route=\/wp\/v2\/posts\/835","targetHints":{"allow":["GET"]}}],"collection":[{"href":"https:\/\/aylu.es\/index.php?rest_route=\/wp\/v2\/posts"}],"about":[{"href":"https:\/\/aylu.es\/index.php?rest_route=\/wp\/v2\/types\/post"}],"author":[{"embeddable":true,"href":"https:\/\/aylu.es\/index.php?rest_route=\/wp\/v2\/users\/1"}],"replies":[{"embeddable":true,"href":"https:\/\/aylu.es\/index.php?rest_route=%2Fwp%2Fv2%2Fcomments&post=835"}],"version-history":[{"count":2,"href":"https:\/\/aylu.es\/index.php?rest_route=\/wp\/v2\/posts\/835\/revisions"}],"predecessor-version":[{"id":840,"href":"https:\/\/aylu.es\/index.php?rest_route=\/wp\/v2\/posts\/835\/revisions\/840"}],"wp:featuredmedia":[{"embeddable":true,"href":"https:\/\/aylu.es\/index.php?rest_route=\/wp\/v2\/media\/836"}],"wp:attachment":[{"href":"https:\/\/aylu.es\/index.php?rest_route=%2Fwp%2Fv2%2Fmedia&parent=835"}],"wp:term":[{"taxonomy":"category","embeddable":true,"href":"https:\/\/aylu.es\/index.php?rest_route=%2Fwp%2Fv2%2Fcategories&post=835"},{"taxonomy":"post_tag","embeddable":true,"href":"https:\/\/aylu.es\/index.php?rest_route=%2Fwp%2Fv2%2Ftags&post=835"}],"curies":[{"name":"wp","href":"https:\/\/api.w.org\/{rel}","templated":true}]}}