{"id":871,"date":"2024-01-30T15:21:32","date_gmt":"2024-01-30T15:21:32","guid":{"rendered":"https:\/\/aylu.es\/?p=871"},"modified":"2024-01-30T15:21:41","modified_gmt":"2024-01-30T15:21:41","slug":"primera-jornada-del-deporte-escolar-2024-en-guadalajara-para-las-categorias-infantil-y-cadete","status":"publish","type":"post","link":"https:\/\/aylu.es\/?p=871","title":{"rendered":"Primera Jornada del Deporte Escolar 2024 en Guadalajara para las categor\u00edas Infantil y Cadete"},"content":{"rendered":"\n<p>Comienza la temporada 24 para las promesas de la Escuela de Judo Aylu. El pasado s\u00e1bado, algo m\u00e1s de doscientos competidores se dieron cita en el Palacio Multiusos de Guadalajara y comenzaron a disputar, las plazas de dar\u00e1n acceso a la Fase Final.<\/p>\n\n\n\n<p>Por parte de los nuestros, el balance no puedo ser m\u00e1s bueno. Es cierto que en alguna categor\u00eda nos merecimos algo m\u00e1s, pero cuando el nivel f\u00edsico no es el id\u00f3neo, las ideas se nublan y poco m\u00e1s podemos hacer.<\/p>\n\n\n\n<p>Ha servido de experiencia y los que no han llegado al puesto m\u00e1s alto saben cual es la soluci\u00f3n: apretar un poco m\u00e1s en los entrenamientos y los resultados seguro que llegan.<\/p>\n\n\n\n<p>Esta primera jornada para los infantiles y cadetes da paso a las otras dos que se celebrar\u00e1n proximamente en Tomelloso y posteriormente en Albacete. Entre ellas, tambi\u00e9n tendremos representantes en la categor\u00eda de los m\u00e1s peque\u00f1os, los alevines, que en breve tendr\u00e1n la primera fase.<\/p>\n\n\n\n<figure class=\"wp-block-image size-large\"><img fetchpriority=\"high\" decoding=\"async\" width=\"960\" height=\"540\" src=\"https:\/\/aylu.es\/wp-content\/uploads\/2024\/01\/c85c3e20-e980-404a-af17-a370033b01e1-960x540.jpg\" alt=\"\" class=\"wp-image-872\" srcset=\"https:\/\/aylu.es\/wp-content\/uploads\/2024\/01\/c85c3e20-e980-404a-af17-a370033b01e1-960x540.jpg 960w, https:\/\/aylu.es\/wp-content\/uploads\/2024\/01\/c85c3e20-e980-404a-af17-a370033b01e1-300x169.jpg 300w, https:\/\/aylu.es\/wp-content\/uploads\/2024\/01\/c85c3e20-e980-404a-af17-a370033b01e1-768x432.jpg 768w, https:\/\/aylu.es\/wp-content\/uploads\/2024\/01\/c85c3e20-e980-404a-af17-a370033b01e1.jpg 1024w\" sizes=\"(max-width: 960px) 100vw, 960px\" \/><\/figure>\n\n\n\n<p>Coincidiendo con esta competici\u00f3n, algunos de los nuestros se estrenaron como Arbitros y otros como Oficiales de Organizaci\u00f3n. Todos los hicieron de manera sobresaliente y es un punto m\u00e1s para seguir creciendo como judokas.<\/p>\n\n\n\n<figure class=\"wp-block-image size-large\"><img decoding=\"async\" width=\"960\" height=\"720\" src=\"https:\/\/aylu.es\/wp-content\/uploads\/2024\/01\/PHOTO-2024-01-30-13-29-20-960x720.jpg\" alt=\"\" class=\"wp-image-873\" srcset=\"https:\/\/aylu.es\/wp-content\/uploads\/2024\/01\/PHOTO-2024-01-30-13-29-20-960x720.jpg 960w, https:\/\/aylu.es\/wp-content\/uploads\/2024\/01\/PHOTO-2024-01-30-13-29-20-300x225.jpg 300w, https:\/\/aylu.es\/wp-content\/uploads\/2024\/01\/PHOTO-2024-01-30-13-29-20-768x576.jpg 768w, https:\/\/aylu.es\/wp-content\/uploads\/2024\/01\/PHOTO-2024-01-30-13-29-20-1536x1152.jpg 1536w, https:\/\/aylu.es\/wp-content\/uploads\/2024\/01\/PHOTO-2024-01-30-13-29-20-1024x768.jpg 1024w, https:\/\/aylu.es\/wp-content\/uploads\/2024\/01\/PHOTO-2024-01-30-13-29-20-1320x990.jpg 1320w, https:\/\/aylu.es\/wp-content\/uploads\/2024\/01\/PHOTO-2024-01-30-13-29-20.jpg 1600w\" sizes=\"(max-width: 960px) 100vw, 960px\" \/><\/figure>\n\n\n\n<p>RESULTADOS PRIMERA JORNADA DEPORTE ESCOLAR<\/p>\n\n\n\n<p>Lucas Pordomingo, medalla de Plata<\/p>\n\n\n\n<p>Alvaro Segovia, medalla de Oro<\/p>\n\n\n\n<p>Alvaro Agarrabeitia, medalla de Bronce<\/p>\n\n\n\n<p>Daniel Hern\u00e1ndez, medalla de Bronce<\/p>\n\n\n\n<p>Nia Kizanishvili, medalla de Bronce<\/p>\n\n\n\n<p>Noelia Lupan, medalla de Oro<\/p>\n\n\n\n<p>Rocio de la Fuente, medalla de Plata.<\/p>\n","protected":false},"excerpt":{"rendered":"<p>Comienza la temporada 24 para las promesas de la Escuela de Judo Aylu. El pasado s\u00e1bado, algo m\u00e1s de doscientos competidores se dieron cita en el Palacio Multiusos de Guadalajara y comenzaron a disputar, las plazas de dar\u00e1n acceso a la Fase Final. Por parte de los nuestros, el balance no puedo ser m\u00e1s bueno. [&hellip;]<\/p>\n","protected":false},"author":1,"featured_media":873,"comment_status":"open","ping_status":"open","sticky":false,"template":"","format":"standard","meta":{"footnotes":""},"categories":[22,2],"tags":[58,37,34,13,53,33],"class_list":["post-871","post","type-post","status-publish","format-standard","has-post-thumbnail","hentry","category-competiciones","category-noticias","tag-aylu-guadalajara","tag-deporte-escolar","tag-gimnasio-aylu","tag-judo","tag-judo-aylu","tag-judo-guadalajara"],"_links":{"self":[{"href":"https:\/\/aylu.es\/index.php?rest_route=\/wp\/v2\/posts\/871","targetHints":{"allow":["GET"]}}],"collection":[{"href":"https:\/\/aylu.es\/index.php?rest_route=\/wp\/v2\/posts"}],"about":[{"href":"https:\/\/aylu.es\/index.php?rest_route=\/wp\/v2\/types\/post"}],"author":[{"embeddable":true,"href":"https:\/\/aylu.es\/index.php?rest_route=\/wp\/v2\/users\/1"}],"replies":[{"embeddable":true,"href":"https:\/\/aylu.es\/index.php?rest_route=%2Fwp%2Fv2%2Fcomments&post=871"}],"version-history":[{"count":1,"href":"https:\/\/aylu.es\/index.php?rest_route=\/wp\/v2\/posts\/871\/revisions"}],"predecessor-version":[{"id":874,"href":"https:\/\/aylu.es\/index.php?rest_route=\/wp\/v2\/posts\/871\/revisions\/874"}],"wp:featuredmedia":[{"embeddable":true,"href":"https:\/\/aylu.es\/index.php?rest_route=\/wp\/v2\/media\/873"}],"wp:attachment":[{"href":"https:\/\/aylu.es\/index.php?rest_route=%2Fwp%2Fv2%2Fmedia&parent=871"}],"wp:term":[{"taxonomy":"category","embeddable":true,"href":"https:\/\/aylu.es\/index.php?rest_route=%2Fwp%2Fv2%2Fcategories&post=871"},{"taxonomy":"post_tag","embeddable":true,"href":"https:\/\/aylu.es\/index.php?rest_route=%2Fwp%2Fv2%2Ftags&post=871"}],"curies":[{"name":"wp","href":"https:\/\/api.w.org\/{rel}","templated":true}]}}