{"id":877,"date":"2024-02-04T18:49:12","date_gmt":"2024-02-04T18:49:12","guid":{"rendered":"https:\/\/aylu.es\/?p=877"},"modified":"2024-02-04T18:49:21","modified_gmt":"2024-02-04T18:49:21","slug":"semana-de-actividades-para-la-escuela-de-judo-aylu-master-class-con-paco-lorenzo-y-campeonato-regional-junior","status":"publish","type":"post","link":"https:\/\/aylu.es\/?p=877","title":{"rendered":"Semana de actividades para la Escuela de Judo Aylu: Master Class con Paco Lorenzo y Campeonato Regional Junior"},"content":{"rendered":"\n<p>El pasado jueves comenzamos una serie de visitas de grandes maestros que nos ense\u00f1ar\u00e1n a todos los asistentes los grandes secretos de su judo. La primera de ellas ha sido de Paco Lorenzo: 5\u00ba en Barcelona 92 y Bronce en el Europeo del mismo a\u00f1o, as\u00ed como la tonter\u00eda de 9 veces consecutivas Campe\u00f3n de Espa\u00f1a Absoluto.<\/p>\n\n\n\n<figure class=\"wp-block-embed is-type-video is-provider-youtube wp-block-embed-youtube wp-embed-aspect-16-9 wp-has-aspect-ratio\"><div class=\"wp-block-embed__wrapper\">\n<iframe title=\"IMG 0001\" width=\"616\" height=\"347\" src=\"https:\/\/www.youtube.com\/embed\/F4KTbcFU83Y?feature=oembed\" frameborder=\"0\" allow=\"accelerometer; autoplay; clipboard-write; encrypted-media; gyroscope; picture-in-picture; web-share\" referrerpolicy=\"strict-origin-when-cross-origin\" allowfullscreen><\/iframe>\n<\/div><\/figure>\n\n\n\n<p>Para el Aylu ha sido un aut\u00e9ntico honor el poder tener a Paco en nuestro tatami. Nos dedic\u00f3 casi dos horas y dio un repaso de su judo suelo y judo pie. Al finalizar la clase, tuvo una peque\u00f1a charla con todos y aprovecharon para bombardearle a preguntas, tanto del judo actual como del judo que se hac\u00eda en su \u00e9poca.<\/p>\n\n\n\n<figure class=\"wp-block-embed is-type-video is-provider-youtube wp-block-embed-youtube wp-embed-aspect-16-9 wp-has-aspect-ratio\"><div class=\"wp-block-embed__wrapper\">\n<iframe title=\"WhatsApp Video 2024 02 04 at 18 36 35\" width=\"616\" height=\"347\" src=\"https:\/\/www.youtube.com\/embed\/nKOAf5HTuEk?feature=oembed\" frameborder=\"0\" allow=\"accelerometer; autoplay; clipboard-write; encrypted-media; gyroscope; picture-in-picture; web-share\" referrerpolicy=\"strict-origin-when-cross-origin\" allowfullscreen><\/iframe>\n<\/div><\/figure>\n\n\n\n<p>Fueron mas de 50 judokas los que aprovecharon hasta el \u00faltimo segundo de la clase para sacarle el m\u00e1ximo partido a todo un Campe\u00f3n que esperamos nos visite m\u00e1s veces.<\/p>\n\n\n\n<figure class=\"wp-block-gallery has-nested-images columns-default is-cropped wp-block-gallery-1 is-layout-flex wp-block-gallery-is-layout-flex\">\n<figure class=\"wp-block-image size-large\"><img fetchpriority=\"high\" decoding=\"async\" width=\"540\" height=\"960\" data-id=\"880\" src=\"https:\/\/aylu.es\/wp-content\/uploads\/2024\/02\/WhatsApp-Image-2024-02-04-at-18.34.06-540x960.jpeg\" alt=\"\" class=\"wp-image-880\" srcset=\"https:\/\/aylu.es\/wp-content\/uploads\/2024\/02\/WhatsApp-Image-2024-02-04-at-18.34.06-540x960.jpeg 540w, https:\/\/aylu.es\/wp-content\/uploads\/2024\/02\/WhatsApp-Image-2024-02-04-at-18.34.06-169x300.jpeg 169w, https:\/\/aylu.es\/wp-content\/uploads\/2024\/02\/WhatsApp-Image-2024-02-04-at-18.34.06-768x1366.jpeg 768w, https:\/\/aylu.es\/wp-content\/uploads\/2024\/02\/WhatsApp-Image-2024-02-04-at-18.34.06-864x1536.jpeg 864w, https:\/\/aylu.es\/wp-content\/uploads\/2024\/02\/WhatsApp-Image-2024-02-04-at-18.34.06.jpeg 899w\" sizes=\"(max-width: 540px) 100vw, 540px\" \/><\/figure>\n\n\n\n<figure class=\"wp-block-image size-large\"><img decoding=\"async\" width=\"960\" height=\"720\" data-id=\"879\" src=\"https:\/\/aylu.es\/wp-content\/uploads\/2024\/02\/WhatsApp-Image-2024-02-04-at-18.39.44-960x720.jpeg\" alt=\"\" class=\"wp-image-879\" srcset=\"https:\/\/aylu.es\/wp-content\/uploads\/2024\/02\/WhatsApp-Image-2024-02-04-at-18.39.44-960x720.jpeg 960w, https:\/\/aylu.es\/wp-content\/uploads\/2024\/02\/WhatsApp-Image-2024-02-04-at-18.39.44-300x225.jpeg 300w, https:\/\/aylu.es\/wp-content\/uploads\/2024\/02\/WhatsApp-Image-2024-02-04-at-18.39.44-768x576.jpeg 768w, https:\/\/aylu.es\/wp-content\/uploads\/2024\/02\/WhatsApp-Image-2024-02-04-at-18.39.44-1536x1152.jpeg 1536w, https:\/\/aylu.es\/wp-content\/uploads\/2024\/02\/WhatsApp-Image-2024-02-04-at-18.39.44-1024x768.jpeg 1024w, https:\/\/aylu.es\/wp-content\/uploads\/2024\/02\/WhatsApp-Image-2024-02-04-at-18.39.44-1320x990.jpeg 1320w, https:\/\/aylu.es\/wp-content\/uploads\/2024\/02\/WhatsApp-Image-2024-02-04-at-18.39.44.jpeg 1600w\" sizes=\"(max-width: 960px) 100vw, 960px\" \/><\/figure>\n\n\n\n<figure class=\"wp-block-image size-large\"><img decoding=\"async\" width=\"960\" height=\"720\" data-id=\"878\" src=\"https:\/\/aylu.es\/wp-content\/uploads\/2024\/02\/WhatsApp-Image-2024-02-04-at-18.32.54-1-960x720.jpeg\" alt=\"\" class=\"wp-image-878\"\/><\/figure>\n<\/figure>\n\n\n\n<p>Adem\u00e1s de esto, el s\u00e1bado se celebro el campeonato Regional Junior en Tomelloso. Tuvimos dos representantes y ambos se trajeron una medalla. Por un lado, Erick Yago, todo pundonor, nervios e ilusi\u00f3n dio todo en la categor\u00eda tal vez m\u00e1s fuerte del campeonato: -66 kilos. Se trajo le medalla de bronce, pero con un dulce sabor de boca ya que el \u00faltimo combate lo solvento con uno de los mejores ipones de la ma\u00f1ana.<\/p>\n\n\n\n<p>Acompa\u00f1o a Erick, Elsa G\u00f3mez, que lo hizo en la categor\u00eda de -52 kilos. Un gran competici\u00f3n la de Elsa, ganando dos combates muy duros pero que ante la campeona nada pudo hacer. Elsa es un ejemplo de trabajo y ganas de hacer bien las cosas. La medalla de plata es un claro ejemplo de ello.<\/p>\n\n\n\n<p>Una semana muy completa y con excelentes resultados para le Escuela de Judo Aylu.<\/p>\n\n\n<div class=\"wp-block-image\">\n<figure class=\"alignleft size-large is-resized\"><img loading=\"lazy\" decoding=\"async\" width=\"940\" height=\"960\" src=\"https:\/\/aylu.es\/wp-content\/uploads\/2024\/02\/WhatsApp-Image-2024-02-03-at-19.40.45-940x960.jpeg\" alt=\"\" class=\"wp-image-881\" style=\"width:421px;height:auto\" srcset=\"https:\/\/aylu.es\/wp-content\/uploads\/2024\/02\/WhatsApp-Image-2024-02-03-at-19.40.45-940x960.jpeg 940w, https:\/\/aylu.es\/wp-content\/uploads\/2024\/02\/WhatsApp-Image-2024-02-03-at-19.40.45-294x300.jpeg 294w, https:\/\/aylu.es\/wp-content\/uploads\/2024\/02\/WhatsApp-Image-2024-02-03-at-19.40.45-768x785.jpeg 768w, https:\/\/aylu.es\/wp-content\/uploads\/2024\/02\/WhatsApp-Image-2024-02-03-at-19.40.45-1503x1536.jpeg 1503w, https:\/\/aylu.es\/wp-content\/uploads\/2024\/02\/WhatsApp-Image-2024-02-03-at-19.40.45-1024x1046.jpeg 1024w, https:\/\/aylu.es\/wp-content\/uploads\/2024\/02\/WhatsApp-Image-2024-02-03-at-19.40.45-1320x1349.jpeg 1320w, https:\/\/aylu.es\/wp-content\/uploads\/2024\/02\/WhatsApp-Image-2024-02-03-at-19.40.45.jpeg 1566w\" sizes=\"(max-width: 940px) 100vw, 940px\" \/><\/figure>\n<\/div>\n\n<div class=\"wp-block-image\">\n<figure class=\"alignright size-large is-resized\"><img loading=\"lazy\" decoding=\"async\" width=\"720\" height=\"960\" src=\"https:\/\/aylu.es\/wp-content\/uploads\/2024\/02\/WhatsApp-Image-2024-02-03-at-13.37.18-720x960.jpeg\" alt=\"\" class=\"wp-image-882\" style=\"width:380px;height:auto\" srcset=\"https:\/\/aylu.es\/wp-content\/uploads\/2024\/02\/WhatsApp-Image-2024-02-03-at-13.37.18-720x960.jpeg 720w, https:\/\/aylu.es\/wp-content\/uploads\/2024\/02\/WhatsApp-Image-2024-02-03-at-13.37.18-225x300.jpeg 225w, https:\/\/aylu.es\/wp-content\/uploads\/2024\/02\/WhatsApp-Image-2024-02-03-at-13.37.18-768x1024.jpeg 768w, https:\/\/aylu.es\/wp-content\/uploads\/2024\/02\/WhatsApp-Image-2024-02-03-at-13.37.18-1152x1536.jpeg 1152w, https:\/\/aylu.es\/wp-content\/uploads\/2024\/02\/WhatsApp-Image-2024-02-03-at-13.37.18-1024x1365.jpeg 1024w, https:\/\/aylu.es\/wp-content\/uploads\/2024\/02\/WhatsApp-Image-2024-02-03-at-13.37.18-1320x1760.jpeg 1320w, https:\/\/aylu.es\/wp-content\/uploads\/2024\/02\/WhatsApp-Image-2024-02-03-at-13.37.18.jpeg 1536w\" sizes=\"(max-width: 720px) 100vw, 720px\" \/><\/figure>\n<\/div>","protected":false},"excerpt":{"rendered":"<p>El pasado jueves comenzamos una serie de visitas de grandes maestros que nos ense\u00f1ar\u00e1n a todos los asistentes los grandes secretos de su judo. La primera de ellas ha sido de Paco Lorenzo: 5\u00ba en Barcelona 92 y Bronce en el Europeo del mismo a\u00f1o, as\u00ed como la tonter\u00eda de 9 veces consecutivas Campe\u00f3n de [&hellip;]<\/p>\n","protected":false},"author":1,"featured_media":878,"comment_status":"open","ping_status":"open","sticky":false,"template":"","format":"standard","meta":{"footnotes":""},"categories":[2],"tags":[32,58,34,36,13,33],"class_list":["post-877","post","type-post","status-publish","format-standard","has-post-thumbnail","hentry","category-noticias","tag-aylu","tag-aylu-guadalajara","tag-gimnasio-aylu","tag-guadalajara","tag-judo","tag-judo-guadalajara"],"_links":{"self":[{"href":"https:\/\/aylu.es\/index.php?rest_route=\/wp\/v2\/posts\/877","targetHints":{"allow":["GET"]}}],"collection":[{"href":"https:\/\/aylu.es\/index.php?rest_route=\/wp\/v2\/posts"}],"about":[{"href":"https:\/\/aylu.es\/index.php?rest_route=\/wp\/v2\/types\/post"}],"author":[{"embeddable":true,"href":"https:\/\/aylu.es\/index.php?rest_route=\/wp\/v2\/users\/1"}],"replies":[{"embeddable":true,"href":"https:\/\/aylu.es\/index.php?rest_route=%2Fwp%2Fv2%2Fcomments&post=877"}],"version-history":[{"count":1,"href":"https:\/\/aylu.es\/index.php?rest_route=\/wp\/v2\/posts\/877\/revisions"}],"predecessor-version":[{"id":883,"href":"https:\/\/aylu.es\/index.php?rest_route=\/wp\/v2\/posts\/877\/revisions\/883"}],"wp:featuredmedia":[{"embeddable":true,"href":"https:\/\/aylu.es\/index.php?rest_route=\/wp\/v2\/media\/878"}],"wp:attachment":[{"href":"https:\/\/aylu.es\/index.php?rest_route=%2Fwp%2Fv2%2Fmedia&parent=877"}],"wp:term":[{"taxonomy":"category","embeddable":true,"href":"https:\/\/aylu.es\/index.php?rest_route=%2Fwp%2Fv2%2Fcategories&post=877"},{"taxonomy":"post_tag","embeddable":true,"href":"https:\/\/aylu.es\/index.php?rest_route=%2Fwp%2Fv2%2Ftags&post=877"}],"curies":[{"name":"wp","href":"https:\/\/api.w.org\/{rel}","templated":true}]}}