{"id":889,"date":"2024-02-25T16:39:22","date_gmt":"2024-02-25T16:39:22","guid":{"rendered":"https:\/\/aylu.es\/?p=889"},"modified":"2024-02-25T16:40:42","modified_gmt":"2024-02-25T16:40:42","slug":"se-ha-celebrado-el-campeonato-de-espana-junior-fase-sector-sur-en-yunquera-de-henares-el-pasado-fin-de-semana","status":"publish","type":"post","link":"https:\/\/aylu.es\/?p=889","title":{"rendered":"Se ha celebrado el Campeonato de Espa\u00f1a Junior Fase Sector Sur en Yunquera de Henares el pasado fin de semana"},"content":{"rendered":"\n<h2 class=\"wp-block-heading has-vivid-cyan-blue-color has-text-color has-link-color wp-elements-d0b2b17280753a33c0c021626e53f3dc\"><em>Por parte alcarre\u00f1a y pertenecientes a nuestra escuela participaron Erick Yago y Elsa G\u00f3mez pero no consiguieron ninguna posici\u00f3n de podium<\/em><\/h2>\n\n\n\n<p>Yunquera ha sido el escenario elegido para la celebraci\u00f3n de este Campeonato de la categor\u00eda Junior. Participaron judokas provenientes de las comunidades de Andaluc\u00eda, Extremadura, Ceuta, Melilla, Canarias y Castilla la Mancha hasta un total de 120 judokas.<\/p>\n\n\n\n<p>Representando al Aylu, estuvieron Erick Yago en  la categor\u00eda masculina hasta 60 kilos y Elsa G\u00f3mez, femenina hasta 52 kilos. Poco pudieron hacer en unas categor\u00edas muy concurridas y competidas y ambos se quedaron con las ganas de subir al podium, Elsa algo m\u00e1s cerca con un 7\u00ba puesto.<\/p>\n\n\n\n<p>Este Campeonato sirve para clasificar a los judokas que participar\u00e1n en la Fase Final Junior que se celebrar\u00e1 el pr\u00f3ximo d\u00eda 2 de marzo en Arganda.<\/p>\n\n\n\n<p><strong><a href=\"https:\/\/fjudoclm.com\/wp-content\/uploads\/2024\/02\/Cto.-de-Espana-del-Sector-Sur-de-Judo-Junior-Resultados.pdf\">CLASIFICACIONES<\/a><\/strong><\/p>\n\n\n\n<p><strong><a href=\"https:\/\/www.yunqueradehenares.com\/gran-nivel-en-el-campeonato-de-espana-de-judo-del-sector-sur\/\">GALERIA COMPLETA<\/a><\/strong><\/p>\n","protected":false},"excerpt":{"rendered":"<p>Por parte alcarre\u00f1a y pertenecientes a nuestra escuela participaron Erick Yago y Elsa G\u00f3mez pero no consiguieron ninguna posici\u00f3n de podium Yunquera ha sido el escenario elegido para la celebraci\u00f3n de este Campeonato de la categor\u00eda Junior. Participaron judokas provenientes de las comunidades de Andaluc\u00eda, Extremadura, Ceuta, Melilla, Canarias y Castilla la Mancha hasta un [&hellip;]<\/p>\n","protected":false},"author":1,"featured_media":890,"comment_status":"open","ping_status":"open","sticky":false,"template":"","format":"standard","meta":{"footnotes":""},"categories":[22,2],"tags":[32,58,34,13,67,61,66],"class_list":["post-889","post","type-post","status-publish","format-standard","has-post-thumbnail","hentry","category-competiciones","category-noticias","tag-aylu","tag-aylu-guadalajara","tag-gimnasio-aylu","tag-judo","tag-judo-yunquera","tag-sector-sur-judo","tag-sector-sur-juniur"],"_links":{"self":[{"href":"https:\/\/aylu.es\/index.php?rest_route=\/wp\/v2\/posts\/889","targetHints":{"allow":["GET"]}}],"collection":[{"href":"https:\/\/aylu.es\/index.php?rest_route=\/wp\/v2\/posts"}],"about":[{"href":"https:\/\/aylu.es\/index.php?rest_route=\/wp\/v2\/types\/post"}],"author":[{"embeddable":true,"href":"https:\/\/aylu.es\/index.php?rest_route=\/wp\/v2\/users\/1"}],"replies":[{"embeddable":true,"href":"https:\/\/aylu.es\/index.php?rest_route=%2Fwp%2Fv2%2Fcomments&post=889"}],"version-history":[{"count":2,"href":"https:\/\/aylu.es\/index.php?rest_route=\/wp\/v2\/posts\/889\/revisions"}],"predecessor-version":[{"id":892,"href":"https:\/\/aylu.es\/index.php?rest_route=\/wp\/v2\/posts\/889\/revisions\/892"}],"wp:featuredmedia":[{"embeddable":true,"href":"https:\/\/aylu.es\/index.php?rest_route=\/wp\/v2\/media\/890"}],"wp:attachment":[{"href":"https:\/\/aylu.es\/index.php?rest_route=%2Fwp%2Fv2%2Fmedia&parent=889"}],"wp:term":[{"taxonomy":"category","embeddable":true,"href":"https:\/\/aylu.es\/index.php?rest_route=%2Fwp%2Fv2%2Fcategories&post=889"},{"taxonomy":"post_tag","embeddable":true,"href":"https:\/\/aylu.es\/index.php?rest_route=%2Fwp%2Fv2%2Ftags&post=889"}],"curies":[{"name":"wp","href":"https:\/\/api.w.org\/{rel}","templated":true}]}}