{"id":893,"date":"2024-02-26T15:53:51","date_gmt":"2024-02-26T15:53:51","guid":{"rendered":"https:\/\/aylu.es\/?p=893"},"modified":"2024-03-07T16:46:33","modified_gmt":"2024-03-07T16:46:33","slug":"video-de-campeonato-de-espana-junior-sector-sur-celebrado-en-yunquera-de-henares-el-dia-24-de-febrero","status":"publish","type":"post","link":"https:\/\/aylu.es\/?p=893","title":{"rendered":"Video de Campeonato de Espa\u00f1a Junior Sector Sur celebrado en Yunquera de Henares el d\u00eda 24 de febrero"},"content":{"rendered":"\n<h2 class=\"wp-block-heading has-vivid-cyan-blue-color has-text-color has-link-color wp-elements-5d35bc8f3f2c86394904fc4034732088\"><em><strong>Excelente trabajo de Rub\u00e9n Albarr\u00e1n. Un video que sirve de recuerdo de una ma\u00f1ana inolvidable en Yunquera<\/strong><\/em><\/h2>\n\n\n\n<figure class=\"wp-block-embed is-type-video is-provider-youtube wp-block-embed-youtube wp-embed-aspect-16-9 wp-has-aspect-ratio\"><div class=\"wp-block-embed__wrapper\">\n<iframe title=\"Sector Sur Junior Yunquera 2024\" width=\"616\" height=\"347\" src=\"https:\/\/www.youtube.com\/embed\/7NFItULqv44?feature=oembed\" frameborder=\"0\" allow=\"accelerometer; autoplay; clipboard-write; encrypted-media; gyroscope; picture-in-picture; web-share\" referrerpolicy=\"strict-origin-when-cross-origin\" allowfullscreen><\/iframe>\n<\/div><\/figure>\n","protected":false},"excerpt":{"rendered":"<p>Excelente trabajo de Rub\u00e9n Albarr\u00e1n. Un video que sirve de recuerdo de una ma\u00f1ana inolvidable en Yunquera<\/p>\n","protected":false},"author":1,"featured_media":908,"comment_status":"open","ping_status":"open","sticky":false,"template":"","format":"standard","meta":{"footnotes":""},"categories":[22,2,5],"tags":[32,58,37,34,36,13,33],"class_list":["post-893","post","type-post","status-publish","format-standard","has-post-thumbnail","hentry","category-competiciones","category-noticias","category-videos","tag-aylu","tag-aylu-guadalajara","tag-deporte-escolar","tag-gimnasio-aylu","tag-guadalajara","tag-judo","tag-judo-guadalajara"],"_links":{"self":[{"href":"https:\/\/aylu.es\/index.php?rest_route=\/wp\/v2\/posts\/893","targetHints":{"allow":["GET"]}}],"collection":[{"href":"https:\/\/aylu.es\/index.php?rest_route=\/wp\/v2\/posts"}],"about":[{"href":"https:\/\/aylu.es\/index.php?rest_route=\/wp\/v2\/types\/post"}],"author":[{"embeddable":true,"href":"https:\/\/aylu.es\/index.php?rest_route=\/wp\/v2\/users\/1"}],"replies":[{"embeddable":true,"href":"https:\/\/aylu.es\/index.php?rest_route=%2Fwp%2Fv2%2Fcomments&post=893"}],"version-history":[{"count":2,"href":"https:\/\/aylu.es\/index.php?rest_route=\/wp\/v2\/posts\/893\/revisions"}],"predecessor-version":[{"id":898,"href":"https:\/\/aylu.es\/index.php?rest_route=\/wp\/v2\/posts\/893\/revisions\/898"}],"wp:featuredmedia":[{"embeddable":true,"href":"https:\/\/aylu.es\/index.php?rest_route=\/wp\/v2\/media\/908"}],"wp:attachment":[{"href":"https:\/\/aylu.es\/index.php?rest_route=%2Fwp%2Fv2%2Fmedia&parent=893"}],"wp:term":[{"taxonomy":"category","embeddable":true,"href":"https:\/\/aylu.es\/index.php?rest_route=%2Fwp%2Fv2%2Fcategories&post=893"},{"taxonomy":"post_tag","embeddable":true,"href":"https:\/\/aylu.es\/index.php?rest_route=%2Fwp%2Fv2%2Ftags&post=893"}],"curies":[{"name":"wp","href":"https:\/\/api.w.org\/{rel}","templated":true}]}}