{"id":937,"date":"2024-03-26T16:10:05","date_gmt":"2024-03-26T16:10:05","guid":{"rendered":"https:\/\/aylu.es\/?p=937"},"modified":"2024-07-24T20:52:31","modified_gmt":"2024-07-24T20:52:31","slug":"concentracion-de-todos-los-equipos-de-clm-en-tomelloso-como-preparacion-de-las-siguientes-competiciones","status":"publish","type":"post","link":"https:\/\/aylu.es\/?p=937","title":{"rendered":"Concentraci\u00f3n de todos los equipos de CLM en Tomelloso como preparaci\u00f3n de las siguientes competiciones"},"content":{"rendered":"\n<h2 class=\"wp-block-heading has-accent-color has-text-color has-link-color wp-elements-b90322f5eb6241eeac7010b0b4cb359e\">Las pr\u00f3ximas citas son las \u00faltimas fases del Deporte Escolar donde los nuestros se juegan el pase al Campeonato de Espa\u00f1a<\/h2>\n\n\n\n<p>Por parte del Aylu participaron , Alvaro Segovia,  Roci\u00f3 de la Fuente y Jose Javier de la Fuente.<\/p>\n\n\n\n<figure class=\"wp-block-gallery has-nested-images columns-default is-cropped wp-block-gallery-1 is-layout-flex wp-block-gallery-is-layout-flex\">\n<figure class=\"wp-block-image size-large\"><img fetchpriority=\"high\" decoding=\"async\" width=\"960\" height=\"540\" data-id=\"943\" src=\"https:\/\/aylu.es\/wp-content\/uploads\/2024\/03\/WhatsApp-Image-2024-03-23-at-14.30.16-960x540.jpeg\" alt=\"\" class=\"wp-image-943\" srcset=\"https:\/\/aylu.es\/wp-content\/uploads\/2024\/03\/WhatsApp-Image-2024-03-23-at-14.30.16-960x540.jpeg 960w, https:\/\/aylu.es\/wp-content\/uploads\/2024\/03\/WhatsApp-Image-2024-03-23-at-14.30.16-300x169.jpeg 300w, https:\/\/aylu.es\/wp-content\/uploads\/2024\/03\/WhatsApp-Image-2024-03-23-at-14.30.16-768x432.jpeg 768w, https:\/\/aylu.es\/wp-content\/uploads\/2024\/03\/WhatsApp-Image-2024-03-23-at-14.30.16-1536x864.jpeg 1536w, https:\/\/aylu.es\/wp-content\/uploads\/2024\/03\/WhatsApp-Image-2024-03-23-at-14.30.16-816x459.jpeg 816w, https:\/\/aylu.es\/wp-content\/uploads\/2024\/03\/WhatsApp-Image-2024-03-23-at-14.30.16-1320x743.jpeg 1320w, https:\/\/aylu.es\/wp-content\/uploads\/2024\/03\/WhatsApp-Image-2024-03-23-at-14.30.16.jpeg 1600w\" sizes=\"(max-width: 960px) 100vw, 960px\" \/><\/figure>\n\n\n\n<figure class=\"wp-block-image size-large\"><img decoding=\"async\" width=\"960\" height=\"540\" data-id=\"938\" src=\"https:\/\/aylu.es\/wp-content\/uploads\/2024\/03\/WhatsApp-Image-2024-03-23-at-14.27.41-960x540.jpeg\" alt=\"\" class=\"wp-image-938\" srcset=\"https:\/\/aylu.es\/wp-content\/uploads\/2024\/03\/WhatsApp-Image-2024-03-23-at-14.27.41-960x540.jpeg 960w, https:\/\/aylu.es\/wp-content\/uploads\/2024\/03\/WhatsApp-Image-2024-03-23-at-14.27.41-300x169.jpeg 300w, https:\/\/aylu.es\/wp-content\/uploads\/2024\/03\/WhatsApp-Image-2024-03-23-at-14.27.41-768x432.jpeg 768w, https:\/\/aylu.es\/wp-content\/uploads\/2024\/03\/WhatsApp-Image-2024-03-23-at-14.27.41-1536x864.jpeg 1536w, https:\/\/aylu.es\/wp-content\/uploads\/2024\/03\/WhatsApp-Image-2024-03-23-at-14.27.41-816x459.jpeg 816w, https:\/\/aylu.es\/wp-content\/uploads\/2024\/03\/WhatsApp-Image-2024-03-23-at-14.27.41-1320x743.jpeg 1320w, https:\/\/aylu.es\/wp-content\/uploads\/2024\/03\/WhatsApp-Image-2024-03-23-at-14.27.41.jpeg 1600w\" sizes=\"(max-width: 960px) 100vw, 960px\" \/><\/figure>\n\n\n\n<figure class=\"wp-block-image size-large\"><img decoding=\"async\" width=\"540\" height=\"960\" data-id=\"942\" src=\"https:\/\/aylu.es\/wp-content\/uploads\/2024\/03\/WhatsApp-Image-2024-03-23-at-14.24.39-540x960.jpeg\" alt=\"\" class=\"wp-image-942\" srcset=\"https:\/\/aylu.es\/wp-content\/uploads\/2024\/03\/WhatsApp-Image-2024-03-23-at-14.24.39-540x960.jpeg 540w, https:\/\/aylu.es\/wp-content\/uploads\/2024\/03\/WhatsApp-Image-2024-03-23-at-14.24.39-169x300.jpeg 169w, https:\/\/aylu.es\/wp-content\/uploads\/2024\/03\/WhatsApp-Image-2024-03-23-at-14.24.39-768x1365.jpeg 768w, https:\/\/aylu.es\/wp-content\/uploads\/2024\/03\/WhatsApp-Image-2024-03-23-at-14.24.39-864x1536.jpeg 864w, https:\/\/aylu.es\/wp-content\/uploads\/2024\/03\/WhatsApp-Image-2024-03-23-at-14.24.39-816x1451.jpeg 816w, https:\/\/aylu.es\/wp-content\/uploads\/2024\/03\/WhatsApp-Image-2024-03-23-at-14.24.39.jpeg 900w\" sizes=\"(max-width: 540px) 100vw, 540px\" \/><\/figure>\n<\/figure>\n","protected":false},"excerpt":{"rendered":"<p>Las pr\u00f3ximas citas son las \u00faltimas fases del Deporte Escolar donde los nuestros se juegan el pase al Campeonato de Espa\u00f1a Por parte del Aylu participaron , Alvaro Segovia, Roci\u00f3 de la Fuente y Jose Javier de la Fuente.<\/p>\n","protected":false},"author":1,"featured_media":944,"comment_status":"open","ping_status":"open","sticky":false,"template":"","format":"standard","meta":{"footnotes":""},"categories":[22,2],"tags":[32,58,37,34,13,33],"class_list":["post-937","post","type-post","status-publish","format-standard","has-post-thumbnail","hentry","category-competiciones","category-noticias","tag-aylu","tag-aylu-guadalajara","tag-deporte-escolar","tag-gimnasio-aylu","tag-judo","tag-judo-guadalajara"],"_links":{"self":[{"href":"https:\/\/aylu.es\/index.php?rest_route=\/wp\/v2\/posts\/937","targetHints":{"allow":["GET"]}}],"collection":[{"href":"https:\/\/aylu.es\/index.php?rest_route=\/wp\/v2\/posts"}],"about":[{"href":"https:\/\/aylu.es\/index.php?rest_route=\/wp\/v2\/types\/post"}],"author":[{"embeddable":true,"href":"https:\/\/aylu.es\/index.php?rest_route=\/wp\/v2\/users\/1"}],"replies":[{"embeddable":true,"href":"https:\/\/aylu.es\/index.php?rest_route=%2Fwp%2Fv2%2Fcomments&post=937"}],"version-history":[{"count":3,"href":"https:\/\/aylu.es\/index.php?rest_route=\/wp\/v2\/posts\/937\/revisions"}],"predecessor-version":[{"id":1035,"href":"https:\/\/aylu.es\/index.php?rest_route=\/wp\/v2\/posts\/937\/revisions\/1035"}],"wp:featuredmedia":[{"embeddable":true,"href":"https:\/\/aylu.es\/index.php?rest_route=\/wp\/v2\/media\/944"}],"wp:attachment":[{"href":"https:\/\/aylu.es\/index.php?rest_route=%2Fwp%2Fv2%2Fmedia&parent=937"}],"wp:term":[{"taxonomy":"category","embeddable":true,"href":"https:\/\/aylu.es\/index.php?rest_route=%2Fwp%2Fv2%2Fcategories&post=937"},{"taxonomy":"post_tag","embeddable":true,"href":"https:\/\/aylu.es\/index.php?rest_route=%2Fwp%2Fv2%2Ftags&post=937"}],"curies":[{"name":"wp","href":"https:\/\/api.w.org\/{rel}","templated":true}]}}