{"id":954,"date":"2024-04-09T16:24:12","date_gmt":"2024-04-09T16:24:12","guid":{"rendered":"https:\/\/aylu.es\/?p=954"},"modified":"2024-04-10T06:37:02","modified_gmt":"2024-04-10T06:37:02","slug":"iii-fase-deporte-escolar","status":"publish","type":"post","link":"https:\/\/aylu.es\/?p=954","title":{"rendered":"III Fase Deporte Escolar"},"content":{"rendered":"\n<p style=\"font-size:36px\"><strong>Buenos resultados de los nuestros en la \u00faltima Fase del Deporte Escolar para las Categor\u00edas Sub-15 y Sub-18<\/strong><\/p>\n\n\n\n<h2 class=\"wp-block-heading has-accent-color has-text-color has-link-color wp-elements-48725bcfb924509223733b560c67ce97\"><em>Esta Fase ha servido para determinar las plazas para la Fase Final que se celebrar\u00e1 en Pamplona el 26 y 27 de abril<\/em><\/h2>\n\n\n\n<p>Excelente el resultado de los judokas del Aylu en Talavera en la ultima Fase del Deporte Escolar. Las cotizadas plazas para Pamplona ya est\u00e1n casi decididas y dos de los nuestros tienen la plaza asegurada.<\/p>\n\n\n\n<p>Noelia Lupan y Alvaro Segovia han ganado todos los combates en los que han estado de forma incontestable. Ambos se han ganado la plaza para Pamplona de una manera soberbia y no dejando ninguna opci\u00f3n a sus rivales.<\/p>\n\n\n\n<p>Alex Pordomingo lo ten\u00eda dif\u00edcil, adem\u00e1s fall\u00f3 en una de las Fases y eso deja un lastre muy fuerte. Su hermano Lucas, todo pundonor, sac\u00f3 petr\u00f3leo de donde no hab\u00eda y al final se subi\u00f3 al segundo escal\u00f3n. En cuanto coja un poco m\u00e1s de cuerpo no tendr\u00e1 rival en Castilla la Mancha.<\/p>\n\n\n\n<p>Daniel Hernandez y Alvaro Agarrabeitia siguen en su l\u00ednea. Una de cal y otra de arena, ganan combates incre\u00edbles y tambi\u00e9n los pierden de la manera m\u00e1s dif\u00edcil de justificar. Les falta un poco de \u00abmala leche\u00bb y sus resultados mejoraran.<\/p>\n\n\n\n<p>Roc\u00edo de la Fuente ten\u00eda una papeleta complicada. Sus rivales tienen mucho m\u00e1s peso que ella y para ganarlas hay que utilizar mucho la cabeza. En cuanto lo haga, no ser\u00e1n rivales para ella ya que tiene mucho m\u00e1s judo que ellas.<\/p>\n\n\n\n<p>La sorpresa nos la dieron Hiba Drioua y Adriana Valero, que se estrenaban en competici\u00f3n y lo hicieron realmente bien. Sobre todo Hiba, que gan\u00f3 todos sus combates mientras que Adriana gan\u00f3 dos y perdi\u00f3 otro. En cuanto cojan un poco de experiencia estar\u00e1n en lo m\u00e1s alto del podium.<\/p>\n\n\n\n<p>Como \u00e1rbitros actuaron Javi Murado, Guillermo Jusdado, Erick Yago, Aitor Fierres y Juan Manuel Lorenzo y como oficiales Julia Coleman y Elsa Gomez.<\/p>\n\n\n\n<figure class=\"wp-block-gallery has-nested-images columns-default is-cropped wp-block-gallery-1 is-layout-flex wp-block-gallery-is-layout-flex\">\n<figure class=\"wp-block-image size-large\"><img fetchpriority=\"high\" decoding=\"async\" width=\"960\" height=\"720\" data-id=\"955\" src=\"https:\/\/aylu.es\/wp-content\/uploads\/2024\/04\/6004ccb0-e9a7-487d-aca5-32470a4b9375-960x720.jpeg\" alt=\"\" class=\"wp-image-955\" srcset=\"https:\/\/aylu.es\/wp-content\/uploads\/2024\/04\/6004ccb0-e9a7-487d-aca5-32470a4b9375-960x720.jpeg 960w, https:\/\/aylu.es\/wp-content\/uploads\/2024\/04\/6004ccb0-e9a7-487d-aca5-32470a4b9375-300x225.jpeg 300w, https:\/\/aylu.es\/wp-content\/uploads\/2024\/04\/6004ccb0-e9a7-487d-aca5-32470a4b9375-768x576.jpeg 768w, https:\/\/aylu.es\/wp-content\/uploads\/2024\/04\/6004ccb0-e9a7-487d-aca5-32470a4b9375-1536x1152.jpeg 1536w, https:\/\/aylu.es\/wp-content\/uploads\/2024\/04\/6004ccb0-e9a7-487d-aca5-32470a4b9375-816x612.jpeg 816w, https:\/\/aylu.es\/wp-content\/uploads\/2024\/04\/6004ccb0-e9a7-487d-aca5-32470a4b9375-1320x990.jpeg 1320w, https:\/\/aylu.es\/wp-content\/uploads\/2024\/04\/6004ccb0-e9a7-487d-aca5-32470a4b9375.jpeg 2048w\" sizes=\"(max-width: 960px) 100vw, 960px\" \/><\/figure>\n\n\n\n<figure class=\"wp-block-image size-large\"><img decoding=\"async\" width=\"720\" height=\"960\" data-id=\"959\" src=\"https:\/\/aylu.es\/wp-content\/uploads\/2024\/04\/WhatsApp-Image-2024-04-06-at-17.07.29-720x960.jpeg\" alt=\"\" class=\"wp-image-959\" srcset=\"https:\/\/aylu.es\/wp-content\/uploads\/2024\/04\/WhatsApp-Image-2024-04-06-at-17.07.29-720x960.jpeg 720w, https:\/\/aylu.es\/wp-content\/uploads\/2024\/04\/WhatsApp-Image-2024-04-06-at-17.07.29-225x300.jpeg 225w, https:\/\/aylu.es\/wp-content\/uploads\/2024\/04\/WhatsApp-Image-2024-04-06-at-17.07.29-768x1024.jpeg 768w, https:\/\/aylu.es\/wp-content\/uploads\/2024\/04\/WhatsApp-Image-2024-04-06-at-17.07.29-1152x1536.jpeg 1152w, https:\/\/aylu.es\/wp-content\/uploads\/2024\/04\/WhatsApp-Image-2024-04-06-at-17.07.29-816x1088.jpeg 816w, https:\/\/aylu.es\/wp-content\/uploads\/2024\/04\/WhatsApp-Image-2024-04-06-at-17.07.29-1320x1760.jpeg 1320w, https:\/\/aylu.es\/wp-content\/uploads\/2024\/04\/WhatsApp-Image-2024-04-06-at-17.07.29.jpeg 1536w\" sizes=\"(max-width: 720px) 100vw, 720px\" \/><\/figure>\n\n\n\n<figure class=\"wp-block-image size-large\"><img decoding=\"async\" width=\"960\" height=\"720\" data-id=\"958\" src=\"https:\/\/aylu.es\/wp-content\/uploads\/2024\/04\/WhatsApp-Image-2024-04-06-at-17.07.28-960x720.jpeg\" alt=\"\" class=\"wp-image-958\" srcset=\"https:\/\/aylu.es\/wp-content\/uploads\/2024\/04\/WhatsApp-Image-2024-04-06-at-17.07.28-960x720.jpeg 960w, https:\/\/aylu.es\/wp-content\/uploads\/2024\/04\/WhatsApp-Image-2024-04-06-at-17.07.28-300x225.jpeg 300w, https:\/\/aylu.es\/wp-content\/uploads\/2024\/04\/WhatsApp-Image-2024-04-06-at-17.07.28-768x576.jpeg 768w, https:\/\/aylu.es\/wp-content\/uploads\/2024\/04\/WhatsApp-Image-2024-04-06-at-17.07.28-1536x1152.jpeg 1536w, https:\/\/aylu.es\/wp-content\/uploads\/2024\/04\/WhatsApp-Image-2024-04-06-at-17.07.28-816x612.jpeg 816w, https:\/\/aylu.es\/wp-content\/uploads\/2024\/04\/WhatsApp-Image-2024-04-06-at-17.07.28-1320x990.jpeg 1320w, https:\/\/aylu.es\/wp-content\/uploads\/2024\/04\/WhatsApp-Image-2024-04-06-at-17.07.28.jpeg 2048w\" sizes=\"(max-width: 960px) 100vw, 960px\" \/><\/figure>\n\n\n\n<figure class=\"wp-block-image size-large\"><img loading=\"lazy\" decoding=\"async\" width=\"720\" height=\"960\" data-id=\"956\" src=\"https:\/\/aylu.es\/wp-content\/uploads\/2024\/04\/WhatsApp-Image-2024-04-06-at-17.07.20-720x960.jpeg\" alt=\"\" class=\"wp-image-956\" srcset=\"https:\/\/aylu.es\/wp-content\/uploads\/2024\/04\/WhatsApp-Image-2024-04-06-at-17.07.20-720x960.jpeg 720w, https:\/\/aylu.es\/wp-content\/uploads\/2024\/04\/WhatsApp-Image-2024-04-06-at-17.07.20-225x300.jpeg 225w, https:\/\/aylu.es\/wp-content\/uploads\/2024\/04\/WhatsApp-Image-2024-04-06-at-17.07.20-768x1024.jpeg 768w, https:\/\/aylu.es\/wp-content\/uploads\/2024\/04\/WhatsApp-Image-2024-04-06-at-17.07.20-1152x1536.jpeg 1152w, https:\/\/aylu.es\/wp-content\/uploads\/2024\/04\/WhatsApp-Image-2024-04-06-at-17.07.20-816x1088.jpeg 816w, https:\/\/aylu.es\/wp-content\/uploads\/2024\/04\/WhatsApp-Image-2024-04-06-at-17.07.20-1320x1760.jpeg 1320w, https:\/\/aylu.es\/wp-content\/uploads\/2024\/04\/WhatsApp-Image-2024-04-06-at-17.07.20.jpeg 1536w\" sizes=\"(max-width: 720px) 100vw, 720px\" \/><\/figure>\n\n\n\n<figure class=\"wp-block-image size-large\"><img loading=\"lazy\" decoding=\"async\" width=\"720\" height=\"960\" data-id=\"957\" src=\"https:\/\/aylu.es\/wp-content\/uploads\/2024\/04\/WhatsApp-Image-2024-04-06-at-17.06.41-720x960.jpeg\" alt=\"\" class=\"wp-image-957\" srcset=\"https:\/\/aylu.es\/wp-content\/uploads\/2024\/04\/WhatsApp-Image-2024-04-06-at-17.06.41-720x960.jpeg 720w, https:\/\/aylu.es\/wp-content\/uploads\/2024\/04\/WhatsApp-Image-2024-04-06-at-17.06.41-225x300.jpeg 225w, https:\/\/aylu.es\/wp-content\/uploads\/2024\/04\/WhatsApp-Image-2024-04-06-at-17.06.41-768x1024.jpeg 768w, https:\/\/aylu.es\/wp-content\/uploads\/2024\/04\/WhatsApp-Image-2024-04-06-at-17.06.41-1152x1536.jpeg 1152w, https:\/\/aylu.es\/wp-content\/uploads\/2024\/04\/WhatsApp-Image-2024-04-06-at-17.06.41-816x1088.jpeg 816w, https:\/\/aylu.es\/wp-content\/uploads\/2024\/04\/WhatsApp-Image-2024-04-06-at-17.06.41-1320x1760.jpeg 1320w, https:\/\/aylu.es\/wp-content\/uploads\/2024\/04\/WhatsApp-Image-2024-04-06-at-17.06.41.jpeg 1536w\" sizes=\"(max-width: 720px) 100vw, 720px\" \/><\/figure>\n<\/figure>\n","protected":false},"excerpt":{"rendered":"<p>Buenos resultados de los nuestros en la \u00faltima Fase del Deporte Escolar para las Categor\u00edas Sub-15 y Sub-18 Esta Fase ha servido para determinar las plazas para la Fase Final que se celebrar\u00e1 en Pamplona el 26 y 27 de abril Excelente el resultado de los judokas del Aylu en Talavera en la ultima Fase [&hellip;]<\/p>\n","protected":false},"author":1,"featured_media":955,"comment_status":"open","ping_status":"open","sticky":false,"template":"","format":"standard","meta":{"footnotes":""},"categories":[22,2],"tags":[32,58,37,34,13,33],"class_list":["post-954","post","type-post","status-publish","format-standard","has-post-thumbnail","hentry","category-competiciones","category-noticias","tag-aylu","tag-aylu-guadalajara","tag-deporte-escolar","tag-gimnasio-aylu","tag-judo","tag-judo-guadalajara"],"_links":{"self":[{"href":"https:\/\/aylu.es\/index.php?rest_route=\/wp\/v2\/posts\/954","targetHints":{"allow":["GET"]}}],"collection":[{"href":"https:\/\/aylu.es\/index.php?rest_route=\/wp\/v2\/posts"}],"about":[{"href":"https:\/\/aylu.es\/index.php?rest_route=\/wp\/v2\/types\/post"}],"author":[{"embeddable":true,"href":"https:\/\/aylu.es\/index.php?rest_route=\/wp\/v2\/users\/1"}],"replies":[{"embeddable":true,"href":"https:\/\/aylu.es\/index.php?rest_route=%2Fwp%2Fv2%2Fcomments&post=954"}],"version-history":[{"count":2,"href":"https:\/\/aylu.es\/index.php?rest_route=\/wp\/v2\/posts\/954\/revisions"}],"predecessor-version":[{"id":961,"href":"https:\/\/aylu.es\/index.php?rest_route=\/wp\/v2\/posts\/954\/revisions\/961"}],"wp:featuredmedia":[{"embeddable":true,"href":"https:\/\/aylu.es\/index.php?rest_route=\/wp\/v2\/media\/955"}],"wp:attachment":[{"href":"https:\/\/aylu.es\/index.php?rest_route=%2Fwp%2Fv2%2Fmedia&parent=954"}],"wp:term":[{"taxonomy":"category","embeddable":true,"href":"https:\/\/aylu.es\/index.php?rest_route=%2Fwp%2Fv2%2Fcategories&post=954"},{"taxonomy":"post_tag","embeddable":true,"href":"https:\/\/aylu.es\/index.php?rest_route=%2Fwp%2Fv2%2Ftags&post=954"}],"curies":[{"name":"wp","href":"https:\/\/api.w.org\/{rel}","templated":true}]}}